{"id":451,"date":"2015-02-17T21:40:35","date_gmt":"2015-02-17T20:40:35","guid":{"rendered":"https:\/\/iesalhama.educacion.navarra.es\/web1\/blog\/2015\/02\/17\/jornada-de-matematicas-en-e-infantil-de-cintruenigo\/"},"modified":"2015-02-17T21:40:35","modified_gmt":"2015-02-17T20:40:35","slug":"jornada-de-matematicas-en-e-infantil-de-cintruenigo","status":"publish","type":"post","link":"https:\/\/iesalhama.educacion.navarra.es\/web1\/jornada-de-matematicas-en-e-infantil-de-cintruenigo\/","title":{"rendered":"*Jornada de matem\u00e1ticas en E. Infantil de Cintru\u00e9nigo"},"content":{"rendered":"\n<p style=\"margin-bottom: 6pt; line-height: 115%;\"><em><span style=\"font-size: 11pt; line-height: 115%; font-family: Verdana; font-style: normal;\">Los profesores del Departamento de Matem\u00e1ticas del IES Alhama de Corella, C. Mart\u00ednez y J. J. Jim\u00e9nez fueron invitados la pasada semana a dar una clase de Matem\u00e1ticas al alumnado de Infantil de 4 a\u00f1os en el CPEIP Otero de Navascu\u00e9s, aprovechando que est\u00e1n con el proyecto de Olimpiadas Matem\u00e1ticas.<\/span><\/em><\/p>\n<p style=\"margin-bottom: 6pt; line-height: 115%;\"><em><span style=\"font-size: 11pt; line-height: 115%; font-family: Verdana; font-style: normal;\">Los 4 grupos se juntaron en la sala de psicomotricidad el pasado jueves a las 3 de la tarde y se consigui\u00f3 que los 97 alumnos pasaran m\u00e1s de una hora haciendo matem\u00e1ticas, en su aspecto m\u00e1s l\u00fadico.<\/span><\/em><\/p>\n<p style=\"margin-bottom: 6pt; line-height: 115%;\"><em><span style=\"font-size: 11pt; line-height: 115%; font-family: Verdana; font-style: normal;\">La sesi\u00f3n comenz\u00f3 con una presentaci\u00f3n a cargo de Claudio Mart\u00ednez en la que se se\u00f1al\u00f3 cu\u00e1les eran las principales partes de las Matem\u00e1ticas, a la vez que se repasaban algunos aspectos de Geometr\u00eda que los alumnos hab\u00edan visto el curso anterior. Adem\u00e1s se mostraron un par de videos en los que se cantaron los n\u00fameros del 1 al 10 tanto en espa\u00f1ol como en ingl\u00e9s.<\/span><\/em><\/p>\n<p style=\"margin-bottom: 6pt; line-height: 115%;\"><em><span style=\"font-size: 11pt; line-height: 115%; font-family: Verdana; font-style: normal;\">Posteriormente fue el turno de J. J. Jim\u00e9nez. Todos los alumnos escribieron su nombre en un papel, a la vez que contaron el n\u00famero de letras de este. Posteriormente, por clases, se juntaron todos los alumnos cuyos nombres ten\u00edan el mismo n\u00famero de letras. Pintaron el papelito y lo pegaron en la columna correspondiente, consigui\u00e9ndose un diagrama de barras con el n\u00famero de alumnos cuyo nombre ten\u00eda un n\u00famero determinado de letras. Este diagrama de barras hab\u00eda sido simulado previamente con una hoja de c\u00e1lculo, con lo que cada clase tiene el mural hecho por los alumnos junto con el diagrama de barras generado con la hoja de c\u00e1lculo.<\/span><\/em><\/p>\n<p style=\"line-height: 115%;\"><em><span style=\"font-size: 11pt; line-height: 115%; font-family: Verdana; font-style: normal;\">La jornada fue posible gracias a la colaboraci\u00f3n tanto de las 4 tutoras como las 2 profesoras de ingl\u00e9s.<\/span><\/em><\/p>\n<p style=\"text-align: center;\">&nbsp;<img loading=\"lazy\" class=\" size-full wp-image-449\" src=\"https:\/\/iesalhama.educacion.navarra.es\/web1\/wp-content\/uploads\/2015\/02\/barras_4aB.jpg\" alt=\"barras 4aB\" width=\"500\" height=\"375\" srcset=\"https:\/\/iesalhama.educacion.navarra.es\/web1\/wp-content\/uploads\/2015\/02\/barras_4aB.jpg 500w, https:\/\/iesalhama.educacion.navarra.es\/web1\/wp-content\/uploads\/2015\/02\/barras_4aB-300x225.jpg 300w\" sizes=\"(max-width: 500px) 100vw, 500px\" \/><\/p>\n<p style=\"text-align: center;\"><img loading=\"lazy\" class=\" size-full wp-image-450\" src=\"https:\/\/iesalhama.educacion.navarra.es\/web1\/wp-content\/uploads\/2015\/02\/charla_infantil1.jpg\" alt=\"charla infantil1\" width=\"491\" height=\"369\" srcset=\"https:\/\/iesalhama.educacion.navarra.es\/web1\/wp-content\/uploads\/2015\/02\/charla_infantil1.jpg 600w, https:\/\/iesalhama.educacion.navarra.es\/web1\/wp-content\/uploads\/2015\/02\/charla_infantil1-300x226.jpg 300w\" sizes=\"(max-width: 491px) 100vw, 491px\" \/><\/p>\n","protected":false},"excerpt":{"rendered":"<p>Los profesores del Departamento de Matem\u00e1ticas del IES Alhama de Corella, C. Mart\u00ednez y J. J. Jim\u00e9nez fueron invitados la pasada semana a dar una clase de Matem\u00e1ticas al alumnado de Infantil de 4 a\u00f1os en el CPEIP Otero de Navascu\u00e9s, aprovechando que est\u00e1n con el proyecto de Olimpiadas Matem\u00e1ticas. Los 4 grupos se juntaron [&hellip;]<\/p>\n","protected":false},"author":1,"featured_media":449,"comment_status":"open","ping_status":"open","sticky":false,"template":"","format":"standard","meta":{"_genesis_hide_title":false,"_genesis_hide_breadcrumbs":false,"_genesis_hide_singular_image":false,"_genesis_hide_footer_widgets":false,"_genesis_custom_body_class":"","_genesis_custom_post_class":"","_genesis_layout":""},"categories":[1],"tags":[],"_links":{"self":[{"href":"https:\/\/iesalhama.educacion.navarra.es\/web1\/wp-json\/wp\/v2\/posts\/451"}],"collection":[{"href":"https:\/\/iesalhama.educacion.navarra.es\/web1\/wp-json\/wp\/v2\/posts"}],"about":[{"href":"https:\/\/iesalhama.educacion.navarra.es\/web1\/wp-json\/wp\/v2\/types\/post"}],"author":[{"embeddable":true,"href":"https:\/\/iesalhama.educacion.navarra.es\/web1\/wp-json\/wp\/v2\/users\/1"}],"replies":[{"embeddable":true,"href":"https:\/\/iesalhama.educacion.navarra.es\/web1\/wp-json\/wp\/v2\/comments?post=451"}],"version-history":[{"count":0,"href":"https:\/\/iesalhama.educacion.navarra.es\/web1\/wp-json\/wp\/v2\/posts\/451\/revisions"}],"wp:featuredmedia":[{"embeddable":true,"href":"https:\/\/iesalhama.educacion.navarra.es\/web1\/wp-json\/wp\/v2\/media\/449"}],"wp:attachment":[{"href":"https:\/\/iesalhama.educacion.navarra.es\/web1\/wp-json\/wp\/v2\/media?parent=451"}],"wp:term":[{"taxonomy":"category","embeddable":true,"href":"https:\/\/iesalhama.educacion.navarra.es\/web1\/wp-json\/wp\/v2\/categories?post=451"},{"taxonomy":"post_tag","embeddable":true,"href":"https:\/\/iesalhama.educacion.navarra.es\/web1\/wp-json\/wp\/v2\/tags?post=451"}],"curies":[{"name":"wp","href":"https:\/\/api.w.org\/{rel}","templated":true}]}}