{"id":4615,"date":"2020-06-17T12:07:35","date_gmt":"2020-06-17T10:07:35","guid":{"rendered":"https:\/\/iesalhama.educacion.navarra.es\/web1\/?p=4615"},"modified":"2020-06-17T12:25:52","modified_gmt":"2020-06-17T10:25:52","slug":"diploma-verde","status":"publish","type":"post","link":"https:\/\/iesalhama.educacion.navarra.es\/web1\/diploma-verde\/","title":{"rendered":"Diploma Verde"},"content":{"rendered":"\n<p>El trabajo realizado por el medio ambiente en el centro, ha sido recompensado con una felicitaci\u00f3n de parte  del Ministerio para la Transici\u00f3n Ecol\u00f3gica y el Reto Demogr\u00e1fico,  por la participaci\u00f3n en el programa RECREOS RESIDUOS CERO 2019-2020, organizado por el colectivo Teachers For Future Spain.<\/p>\n\n\n<a href=\"https:\/\/iesalhama.educacion.navarra.es\/web1\/wp-content\/uploads\/2020\/06\/DIPLOMA-TFF-269.pdf\" class=\"pdfemb-viewer\" style=\"\" data-width=\"max\" data-height=\"max\" data-toolbar=\"bottom\" data-toolbar-fixed=\"off\">DIPLOMA-TFF-269<\/a>\n<p class=\"wp-block-pdfemb-pdf-embedder-viewer\"><\/p>\n","protected":false},"excerpt":{"rendered":"<p>El trabajo realizado por el medio ambiente en el centro, ha sido recompensado con una felicitaci\u00f3n de parte del Ministerio para la Transici\u00f3n Ecol\u00f3gica y el Reto Demogr\u00e1fico, por la participaci\u00f3n en el programa RECREOS RESIDUOS CERO 2019-2020, organizado por el colectivo Teachers For Future Spain.<\/p>\n","protected":false},"author":4,"featured_media":4617,"comment_status":"open","ping_status":"open","sticky":false,"template":"","format":"standard","meta":{"_genesis_hide_title":false,"_genesis_hide_breadcrumbs":false,"_genesis_hide_singular_image":false,"_genesis_hide_footer_widgets":false,"_genesis_custom_body_class":"","_genesis_custom_post_class":"","_genesis_layout":""},"categories":[85,72],"tags":[],"_links":{"self":[{"href":"https:\/\/iesalhama.educacion.navarra.es\/web1\/wp-json\/wp\/v2\/posts\/4615"}],"collection":[{"href":"https:\/\/iesalhama.educacion.navarra.es\/web1\/wp-json\/wp\/v2\/posts"}],"about":[{"href":"https:\/\/iesalhama.educacion.navarra.es\/web1\/wp-json\/wp\/v2\/types\/post"}],"author":[{"embeddable":true,"href":"https:\/\/iesalhama.educacion.navarra.es\/web1\/wp-json\/wp\/v2\/users\/4"}],"replies":[{"embeddable":true,"href":"https:\/\/iesalhama.educacion.navarra.es\/web1\/wp-json\/wp\/v2\/comments?post=4615"}],"version-history":[{"count":3,"href":"https:\/\/iesalhama.educacion.navarra.es\/web1\/wp-json\/wp\/v2\/posts\/4615\/revisions"}],"predecessor-version":[{"id":4622,"href":"https:\/\/iesalhama.educacion.navarra.es\/web1\/wp-json\/wp\/v2\/posts\/4615\/revisions\/4622"}],"wp:featuredmedia":[{"embeddable":true,"href":"https:\/\/iesalhama.educacion.navarra.es\/web1\/wp-json\/wp\/v2\/media\/4617"}],"wp:attachment":[{"href":"https:\/\/iesalhama.educacion.navarra.es\/web1\/wp-json\/wp\/v2\/media?parent=4615"}],"wp:term":[{"taxonomy":"category","embeddable":true,"href":"https:\/\/iesalhama.educacion.navarra.es\/web1\/wp-json\/wp\/v2\/categories?post=4615"},{"taxonomy":"post_tag","embeddable":true,"href":"https:\/\/iesalhama.educacion.navarra.es\/web1\/wp-json\/wp\/v2\/tags?post=4615"}],"curies":[{"name":"wp","href":"https:\/\/api.w.org\/{rel}","templated":true}]}}