{"id":474,"date":"2015-03-17T09:25:52","date_gmt":"2015-03-17T08:25:52","guid":{"rendered":"https:\/\/iesalhama.educacion.navarra.es\/web1\/blog\/2015\/03\/17\/21-muestra-de-cine-espanol-tudela\/"},"modified":"2015-03-17T09:25:52","modified_gmt":"2015-03-17T08:25:52","slug":"21-muestra-de-cine-espanol-tudela","status":"publish","type":"post","link":"https:\/\/iesalhama.educacion.navarra.es\/web1\/21-muestra-de-cine-espanol-tudela\/","title":{"rendered":"* 21 Muestra de Cine Espa\u00f1ol &#8211; Tudela"},"content":{"rendered":"\n<div class=\"gmail_quote\" style=\"color: #222222; font-family: arial, sans-serif; font-size: 12.8000001907349px; line-height: normal; text-align: center;\">&nbsp;<\/div>\n<div class=\"gmail_quote\" style=\"color: #222222; font-family: arial, sans-serif; font-size: 12.8000001907349px; line-height: normal; text-align: center;\"><span style=\"font-size: 12pt;\">Entre el 2 y el 6 de marzo se celebr\u00f3 en Tudela la 21 Muestra de cine espa\u00f1ol con la proyecci\u00f3n de las pel\u00edculas&nbsp;<i><strong>Magical Girl, Loreak, Marsella, La isla M\u00ednima y Hermosa Juventud<\/strong><\/i>. Visitaron la muestra actores, actrices, directores y productores. Las encargadas de hacer las cr\u00f3nicas y de asistir a las ruedas de prensa fueron las alumnas de LITERATURA UNIVERSAL&nbsp;<strong><span style=\"color: #073763;\">Delia Sesma, \u00c1ngela da Mota e Ilargi S\u00e1ez<\/span><\/strong>.&nbsp;<\/span><br \/><span style=\"font-size: 12pt;\">Para saber m\u00e1s y leer el resumen de la semana se puede acudir al blog:<\/span><\/div>\n<div class=\"gmail_quote\" style=\"color: #222222; font-family: arial, sans-serif; font-size: 12.8000001907349px; line-height: normal; text-align: center;\"><span style=\"font-size: 12pt;\"><strong><span style=\"color: #0000ff;\"><a style=\"color: #1155cc;\" href=\"http:\/\/alhamaalcine.blogspot.com.es\/\" target=\"_blank\"><span style=\"color: #0000ff;\">&nbsp;<\/span><\/a><a href=\"http:\/\/alhamaalcine.blogspot.\"><span style=\"color: #0000ff;\">http:\/\/alhamaalcine.blogspot.<\/span><\/a>com.es\/<\/span><\/strong><\/span><\/div>\n<div class=\"gmail_quote\" style=\"color: #222222; font-family: arial, sans-serif; font-size: 12.8000001907349px; line-height: normal; text-align: center;\"><span style=\"font-size: 12pt;\"><strong><span style=\"color: #0000ff;\">&nbsp;<\/span><\/strong><\/span><\/div>\n<div class=\"gmail_quote\" style=\"color: #222222; font-family: arial, sans-serif; font-size: 12.8000001907349px; line-height: normal; text-align: center;\"><span style=\"font-size: 12pt;\"><strong><span style=\"color: #0000ff;\"><img loading=\"lazy\" class=\" size-full wp-image-473\" src=\"https:\/\/iesalhama.educacion.navarra.es\/web1\/wp-content\/uploads\/2015\/03\/Muestra_de_Cine_Espa%C3%B1ol_-_Tudela_2015.jpg\" alt=\"Muestra de Cine Espa\u00f1ol - Tudela 2015\" width=\"500\" height=\"281\" \/><\/span><\/strong><\/span><\/div>\n","protected":false},"excerpt":{"rendered":"<p>&nbsp; Entre el 2 y el 6 de marzo se celebr\u00f3 en Tudela la 21 Muestra de cine espa\u00f1ol con la proyecci\u00f3n de las pel\u00edculas&nbsp;Magical Girl, Loreak, Marsella, La isla M\u00ednima y Hermosa Juventud. Visitaron la muestra actores, actrices, directores y productores. Las encargadas de hacer las cr\u00f3nicas y de asistir a las ruedas de [&hellip;]<\/p>\n","protected":false},"author":1,"featured_media":473,"comment_status":"open","ping_status":"open","sticky":false,"template":"","format":"standard","meta":{"_genesis_hide_title":false,"_genesis_hide_breadcrumbs":false,"_genesis_hide_singular_image":false,"_genesis_hide_footer_widgets":false,"_genesis_custom_body_class":"","_genesis_custom_post_class":"","_genesis_layout":""},"categories":[1],"tags":[],"_links":{"self":[{"href":"https:\/\/iesalhama.educacion.navarra.es\/web1\/wp-json\/wp\/v2\/posts\/474"}],"collection":[{"href":"https:\/\/iesalhama.educacion.navarra.es\/web1\/wp-json\/wp\/v2\/posts"}],"about":[{"href":"https:\/\/iesalhama.educacion.navarra.es\/web1\/wp-json\/wp\/v2\/types\/post"}],"author":[{"embeddable":true,"href":"https:\/\/iesalhama.educacion.navarra.es\/web1\/wp-json\/wp\/v2\/users\/1"}],"replies":[{"embeddable":true,"href":"https:\/\/iesalhama.educacion.navarra.es\/web1\/wp-json\/wp\/v2\/comments?post=474"}],"version-history":[{"count":0,"href":"https:\/\/iesalhama.educacion.navarra.es\/web1\/wp-json\/wp\/v2\/posts\/474\/revisions"}],"wp:featuredmedia":[{"embeddable":true,"href":"https:\/\/iesalhama.educacion.navarra.es\/web1\/wp-json\/wp\/v2\/media\/473"}],"wp:attachment":[{"href":"https:\/\/iesalhama.educacion.navarra.es\/web1\/wp-json\/wp\/v2\/media?parent=474"}],"wp:term":[{"taxonomy":"category","embeddable":true,"href":"https:\/\/iesalhama.educacion.navarra.es\/web1\/wp-json\/wp\/v2\/categories?post=474"},{"taxonomy":"post_tag","embeddable":true,"href":"https:\/\/iesalhama.educacion.navarra.es\/web1\/wp-json\/wp\/v2\/tags?post=474"}],"curies":[{"name":"wp","href":"https:\/\/api.w.org\/{rel}","templated":true}]}}