{"id":484,"date":"2015-03-31T07:26:11","date_gmt":"2015-03-31T05:26:11","guid":{"rendered":"https:\/\/iesalhama.educacion.navarra.es\/web1\/blog\/2015\/03\/31\/marcha-2015\/"},"modified":"2015-03-31T07:26:11","modified_gmt":"2015-03-31T05:26:11","slug":"marcha-2015","status":"publish","type":"post","link":"https:\/\/iesalhama.educacion.navarra.es\/web1\/marcha-2015\/","title":{"rendered":"* Marcha solidaria a Alfaro"},"content":{"rendered":"<div style=\"color: #222222; font-family: arial, sans-serif; font-size: 12.8000001907349px; line-height: normal; text-align: justify;\"> <!--more--> <\/div>\n<div style=\"color: #222222; font-family: arial, sans-serif; font-size: 12.8000001907349px; line-height: normal; text-align: justify;\">El pr\u00f3ximo mi\u00e9rcoles 1 de abril el alumnado de la ESO marchar\u00e1 a pie hasta el Polideportivo municipal de Alfaro ( La Molineta). All\u00ed se ofrecer\u00e1 un almuerzo, financiado por la APYMA, y, despu\u00e9s tendr\u00e1n lugar varios torneos deportivos y un sorteo entre aquellos que han adquirido dorsales.<\/div>\n<div style=\"color: #222222; font-family: arial, sans-serif; font-size: 12.8000001907349px; line-height: normal; text-align: justify;\">A partir de las 12:45, dos autobuses de ARASA, de forma gratuita, traer\u00e1n al alumnado al instituto. Uno de estos autobuses ir\u00e1 directamente a Fitero para llevar al alumnado de esa localidad.<\/div>\n<div style=\"color: #222222; font-family: arial, sans-serif; font-size: 12.8000001907349px; line-height: normal; text-align: justify;\">Si quieres conocer el programa pincha<a href=\"https:\/\/iesalhama.educacion.navarra.es\/web1\/wp-content\/uploads\/2015\/03\/Marcha_Alfaro_2015.pdf\" target=\"_blank\"> aqu\u00ed<\/a>.<\/div>\n<div style=\"color: #222222; font-family: arial, sans-serif; font-size: 12.8000001907349px; line-height: normal; text-align: justify;\">Si quieres leer la carta enviada a las familias pincha <a href=\"https:\/\/iesalhama.educacion.navarra.es\/web1\/wp-content\/uploads\/2015\/03\/Carta%20familias_Marcha_2015.pdf\" target=\"_blank\">aqu\u00ed<\/a>.<\/div>\n","protected":false},"excerpt":{"rendered":"","protected":false},"author":1,"featured_media":0,"comment_status":"open","ping_status":"open","sticky":false,"template":"","format":"standard","meta":{"_genesis_hide_title":false,"_genesis_hide_breadcrumbs":false,"_genesis_hide_singular_image":false,"_genesis_hide_footer_widgets":false,"_genesis_custom_body_class":"","_genesis_custom_post_class":"","_genesis_layout":""},"categories":[1],"tags":[],"_links":{"self":[{"href":"https:\/\/iesalhama.educacion.navarra.es\/web1\/wp-json\/wp\/v2\/posts\/484"}],"collection":[{"href":"https:\/\/iesalhama.educacion.navarra.es\/web1\/wp-json\/wp\/v2\/posts"}],"about":[{"href":"https:\/\/iesalhama.educacion.navarra.es\/web1\/wp-json\/wp\/v2\/types\/post"}],"author":[{"embeddable":true,"href":"https:\/\/iesalhama.educacion.navarra.es\/web1\/wp-json\/wp\/v2\/users\/1"}],"replies":[{"embeddable":true,"href":"https:\/\/iesalhama.educacion.navarra.es\/web1\/wp-json\/wp\/v2\/comments?post=484"}],"version-history":[{"count":0,"href":"https:\/\/iesalhama.educacion.navarra.es\/web1\/wp-json\/wp\/v2\/posts\/484\/revisions"}],"wp:attachment":[{"href":"https:\/\/iesalhama.educacion.navarra.es\/web1\/wp-json\/wp\/v2\/media?parent=484"}],"wp:term":[{"taxonomy":"category","embeddable":true,"href":"https:\/\/iesalhama.educacion.navarra.es\/web1\/wp-json\/wp\/v2\/categories?post=484"},{"taxonomy":"post_tag","embeddable":true,"href":"https:\/\/iesalhama.educacion.navarra.es\/web1\/wp-json\/wp\/v2\/tags?post=484"}],"curies":[{"name":"wp","href":"https:\/\/api.w.org\/{rel}","templated":true}]}}