{"id":494,"date":"2015-04-14T07:55:01","date_gmt":"2015-04-14T05:55:01","guid":{"rendered":"https:\/\/iesalhama.educacion.navarra.es\/web1\/blog\/2015\/04\/14\/2015comeniusfrancia\/"},"modified":"2015-04-14T07:55:01","modified_gmt":"2015-04-14T05:55:01","slug":"2015comeniusfrancia","status":"publish","type":"post","link":"https:\/\/iesalhama.educacion.navarra.es\/web1\/2015comeniusfrancia\/","title":{"rendered":"* Encuentro Comenius en Francia"},"content":{"rendered":"\n<p style=\"margin-bottom: 0cm;\" lang=\"es-ES\"><span style=\"font-size: medium; line-height: 1.5;\">&nbsp;<\/span><span style=\"color: #003366; font-size: 12pt;\">ENCUENTRO COMENIUS EN FRANCIA<\/span><\/p>\n<p style=\"margin-bottom: 0cm; text-align: justify;\" lang=\"es-ES\" align=\"JUSTIFY\"><span style=\"font-size: medium;\"><strong>Alumnos y profesores del IES Alhama de Corella asistieron al encuentro del Proyecto Comenius \u201cA Greener World\u201d que tuvo lugar en el Lyc\u00e9e Jean Paul II de Rennes, Francia durante los d\u00edas 24 al 28 de marzo.<\/strong><\/span><\/p>\n<p style=\"margin-bottom: 0cm; text-align: justify;\" lang=\"es-ES\" align=\"JUSTIFY\"><span style=\"font-size: medium;\">&nbsp;<\/span><\/p>\n<p style=\"margin-bottom: 0cm; text-align: justify;\" lang=\"es-ES\" align=\"JUSTIFY\"><span style=\"font-size: medium;\">&nbsp;<\/span><span style=\"font-size: medium;\">Durante su estancia en la ciudad francesa, 4 alumnos y 2 profesoras del instituto navarro tuvieron oportunidad de compartir experiencias con alumnos y profesores de los 6 pa\u00edses que toman parte en dicho proyecto: Turqu\u00eda, Polonia, Portugal, Eslovaquia, Italia y, el pa\u00eds anfitri\u00f3n en est\u00e1 ocasi\u00f3n, Francia<\/span><\/p>\n<p style=\"margin-bottom: 0cm; text-align: justify;\" lang=\"es-ES\" align=\"JUSTIFY\"><span style=\"font-size: medium;\">&nbsp;<\/span><\/p>\n<p style=\"margin-bottom: 0cm; text-align: justify;\" lang=\"es-ES\" align=\"JUSTIFY\"><span style=\"font-size: medium;\">&nbsp;<\/span><span style=\"font-size: medium;\">A lo largo de tres d\u00edas, participaron en numerosas actividades relacionadas con el proyecto, que incluyeron visitas a una planta de tratamiento de basuras, a la central de energ\u00eda mareomotriz de La Rance, en la Breta\u00f1a francesa. Adem\u00e1s, realizaron distintas tareas y presentaciones sobre el proyecto \u201cA greener world\u201d. As\u00ed mismo, intercambiaron opiniones y experiencias con los alumnos de los distintos pa\u00edses participantes.<\/span><\/p>\n<p style=\"margin-bottom: 0cm;\" lang=\"es-ES\" align=\"JUSTIFY\"><span style=\"font-size: medium;\"><img loading=\"lazy\" class=\" size-full wp-image-492\" style=\"display: block; margin-left: auto; margin-right: auto;\" src=\"https:\/\/iesalhama.educacion.navarra.es\/web1\/wp-content\/uploads\/2015\/04\/Francia2015_1.jpg\" alt=\"\" width=\"812\" height=\"609\" srcset=\"https:\/\/iesalhama.educacion.navarra.es\/web1\/wp-content\/uploads\/2015\/04\/Francia2015_1.jpg 2592w, https:\/\/iesalhama.educacion.navarra.es\/web1\/wp-content\/uploads\/2015\/04\/Francia2015_1-300x225.jpg 300w, https:\/\/iesalhama.educacion.navarra.es\/web1\/wp-content\/uploads\/2015\/04\/Francia2015_1-768x576.jpg 768w, https:\/\/iesalhama.educacion.navarra.es\/web1\/wp-content\/uploads\/2015\/04\/Francia2015_1-1024x768.jpg 1024w\" sizes=\"(max-width: 812px) 100vw, 812px\" \/><\/span><\/p>\n<p style=\"margin-bottom: 0cm; text-align: center;\" lang=\"es-ES\" align=\"JUSTIFY\"><span style=\"font-size: medium;\">&nbsp;<\/span><span style=\"font-size: medium;\">Alumnos corellanos realizando una de las actividades del proyecto, conjuntamente con alumnos de los pa\u00edses que toman parte en el mismo.<\/span><\/p>\n<p style=\"margin-bottom: 0cm; text-align: justify;\" lang=\"es-ES\" align=\"JUSTIFY\"><span style=\"font-size: medium;\">&nbsp;<\/span><\/p>\n<p style=\"margin-bottom: 0cm; text-align: justify;\" lang=\"es-ES\" align=\"JUSTIFY\"><span style=\"font-size: medium;\"> Como complemento a las actividades relacionadas con el proyecto, tambi\u00e9n visitaron la bonita ciudad de Rennes, capital de la Breta\u00f1a, tomando parte en una visita guiada especialmente pensada para que los alumnos disfrutasen al m\u00e1ximo de la experiencia. La visita a la abad\u00eda de Mont -Saint-Michel fue as\u00ed mismo, valorada muy positivamente por el alumnado y las profesoras.<\/span><\/p>\n<p style=\"margin-bottom: 0cm;\" lang=\"es-ES\" align=\"JUSTIFY\"><span style=\"font-size: medium;\"><img loading=\"lazy\" class=\" size-full wp-image-493\" style=\"display: block; margin-left: auto; margin-right: auto;\" src=\"https:\/\/iesalhama.educacion.navarra.es\/web1\/wp-content\/uploads\/2015\/04\/Francia2015_2.jpg\" alt=\"\" width=\"927\" height=\"695\" srcset=\"https:\/\/iesalhama.educacion.navarra.es\/web1\/wp-content\/uploads\/2015\/04\/Francia2015_2.jpg 4320w, https:\/\/iesalhama.educacion.navarra.es\/web1\/wp-content\/uploads\/2015\/04\/Francia2015_2-300x225.jpg 300w, https:\/\/iesalhama.educacion.navarra.es\/web1\/wp-content\/uploads\/2015\/04\/Francia2015_2-768x576.jpg 768w, https:\/\/iesalhama.educacion.navarra.es\/web1\/wp-content\/uploads\/2015\/04\/Francia2015_2-1024x768.jpg 1024w\" sizes=\"(max-width: 927px) 100vw, 927px\" \/><\/span><\/p>\n<p style=\"margin-bottom: 0cm; text-align: justify;\" lang=\"es-ES\" align=\"JUSTIFY\"><span style=\"font-size: medium;\">&nbsp;<\/span><\/p>\n<p style=\"margin-right: 2.3cm; margin-bottom: 0cm; text-align: center;\" lang=\"es-ES\" align=\"JUSTIFY\"><span style=\"font-size: medium;\"><i>Alumnos y profesores del IES Alhama en la visita a Mont Saint- Michel.<\/i><\/span><\/p>\n<p style=\"margin-right: 2.3cm; margin-bottom: 0cm; text-align: justify;\" lang=\"es-ES\" align=\"JUSTIFY\"><span style=\"font-size: medium;\">&nbsp;<\/span><\/p>\n<p style=\"margin-bottom: 0cm; text-align: justify;\" lang=\"es-ES\" align=\"JUSTIFY\"><span style=\"font-size: medium;\"> Actualmente, el IES Alhama est\u00e1 a punto de concluir el proyecto iniciado el curso pasado \u201c A Greener World\u201d. El \u00faltimo encuentro tendr\u00e1 lugar en Azambuya (Portugal) el pr\u00f3ximo mes de mayo.<\/span><\/p>\n<p style=\"margin-bottom: 0cm; text-align: justify;\" lang=\"es-ES\" align=\"JUSTIFY\"><span style=\"font-size: medium;\">&nbsp;<\/span><\/p>\n","protected":false},"excerpt":{"rendered":"<p>&nbsp;ENCUENTRO COMENIUS EN FRANCIA Alumnos y profesores del IES Alhama de Corella asistieron al encuentro del Proyecto Comenius \u201cA Greener World\u201d que tuvo lugar en el Lyc\u00e9e Jean Paul II de Rennes, Francia durante los d\u00edas 24 al 28 de marzo. &nbsp; &nbsp;Durante su estancia en la ciudad francesa, 4 alumnos y 2 profesoras del [&hellip;]<\/p>\n","protected":false},"author":1,"featured_media":492,"comment_status":"open","ping_status":"open","sticky":false,"template":"","format":"standard","meta":{"_genesis_hide_title":false,"_genesis_hide_breadcrumbs":false,"_genesis_hide_singular_image":false,"_genesis_hide_footer_widgets":false,"_genesis_custom_body_class":"","_genesis_custom_post_class":"","_genesis_layout":""},"categories":[1],"tags":[],"_links":{"self":[{"href":"https:\/\/iesalhama.educacion.navarra.es\/web1\/wp-json\/wp\/v2\/posts\/494"}],"collection":[{"href":"https:\/\/iesalhama.educacion.navarra.es\/web1\/wp-json\/wp\/v2\/posts"}],"about":[{"href":"https:\/\/iesalhama.educacion.navarra.es\/web1\/wp-json\/wp\/v2\/types\/post"}],"author":[{"embeddable":true,"href":"https:\/\/iesalhama.educacion.navarra.es\/web1\/wp-json\/wp\/v2\/users\/1"}],"replies":[{"embeddable":true,"href":"https:\/\/iesalhama.educacion.navarra.es\/web1\/wp-json\/wp\/v2\/comments?post=494"}],"version-history":[{"count":0,"href":"https:\/\/iesalhama.educacion.navarra.es\/web1\/wp-json\/wp\/v2\/posts\/494\/revisions"}],"wp:featuredmedia":[{"embeddable":true,"href":"https:\/\/iesalhama.educacion.navarra.es\/web1\/wp-json\/wp\/v2\/media\/492"}],"wp:attachment":[{"href":"https:\/\/iesalhama.educacion.navarra.es\/web1\/wp-json\/wp\/v2\/media?parent=494"}],"wp:term":[{"taxonomy":"category","embeddable":true,"href":"https:\/\/iesalhama.educacion.navarra.es\/web1\/wp-json\/wp\/v2\/categories?post=494"},{"taxonomy":"post_tag","embeddable":true,"href":"https:\/\/iesalhama.educacion.navarra.es\/web1\/wp-json\/wp\/v2\/tags?post=494"}],"curies":[{"name":"wp","href":"https:\/\/api.w.org\/{rel}","templated":true}]}}