{"id":504,"date":"2015-05-06T21:01:18","date_gmt":"2015-05-06T19:01:18","guid":{"rendered":"https:\/\/iesalhama.educacion.navarra.es\/web1\/blog\/2015\/05\/06\/campamentos-y-programas-de-voluntariado\/"},"modified":"2015-05-06T21:01:18","modified_gmt":"2015-05-06T19:01:18","slug":"campamentos-y-programas-de-voluntariado","status":"publish","type":"post","link":"https:\/\/iesalhama.educacion.navarra.es\/web1\/campamentos-y-programas-de-voluntariado\/","title":{"rendered":"* Campamentos y programas de voluntariado"},"content":{"rendered":"\n<p style=\"text-align: left;\"><span style=\"font-size: 12pt;\">&nbsp;<\/span><\/p>\n<div style=\"color: #222222; font-family: arial, sans-serif; font-size: 12.8000001907349px; line-height: normal; text-align: start;\" dir=\"ltr\">\n<div class=\"gmail_quote\">\n<div dir=\"ltr\">\n<div class=\"gmail_quote\">\n<div dir=\"ltr\">\n<div dir=\"ltr\">\n<p style=\"margin-top: 0px; margin-bottom: 0px; font-size: 12.8000001907349px; text-align: left;\"><span style=\"font-size: 12pt;\">A continuaci\u00f3n, os hacemos llegar informaci\u00f3n relativa a los&nbsp;<span style=\"color: #38761d;\"><strong><span style=\"color: #800000;\">CAMPAMENTOS y PROGRAMAS DE VOLUNTARIADO<\/span>&nbsp;<\/strong><\/span>que se han organizado para este verano en Is\u00edn y en Yebra de Basa (HUESCA).<\/span><\/p>\n<p style=\"margin-top: 0px; margin-bottom: 0px; font-size: 12.8000001907349px; text-align: left;\">&nbsp;<\/p>\n<p style=\"margin-top: 0px; margin-bottom: 0px; font-size: 12.8000001907349px; text-align: left;\"><span style=\"font-size: 12pt;\">Existen varias posibilidades en funci\u00f3n de la edad, pudiendo participar ni\u00f1os&nbsp;<span style=\"color: #800000;\"><strong>desde 8 a\u00f1os hasta j\u00f3venes de 29<\/strong>.<\/span><span style=\"color: #3d85c6;\"><strong>&nbsp;<\/strong><\/span><\/span><\/p>\n<p style=\"margin-top: 0px; margin-bottom: 0px; font-size: 12.8000001907349px; text-align: left;\"><span style=\"font-size: 12pt;\"><span style=\"color: #3d85c6;\">&nbsp;<\/span><\/span><\/p>\n<p style=\"margin-top: 0px; margin-bottom: 0px; text-align: left;\"><span style=\"font-size: 12pt;\">Son campamentos y voluntariados que giran en torno a los&nbsp;<span style=\"color: #000000;\"><strong>deportes de monta\u00f1a y aventura<\/strong><\/span>&nbsp;y las&nbsp;<span style=\"color: #000000;\"><strong>actividades culturales y de naturaleza<\/strong><\/span>&nbsp;m\u00e1s importantes del Pirineo, primando la&nbsp;<span style=\"color: #800000;\"><strong>CALIDAD<\/strong><\/span>, la&nbsp;<span style=\"color: #800000;\"><strong>INTERCULTURALIDAD<\/strong><\/span>, la&nbsp;<span style=\"color: #800000;\"><strong>INTEGRACI\u00d3N<\/strong><\/span>&nbsp;de participantes con discapacidad y la&nbsp;<span style=\"color: #800000;\"><strong>SOLIDARIDAD<\/strong>.<\/span><\/span><\/p>\n<p style=\"margin-top: 0px; margin-bottom: 0px;\">&nbsp;<\/p>\n<p style=\"margin-top: 0px; margin-bottom: 0px;\"><span style=\"font-size: 10pt;\">&nbsp;<\/span><\/p>\n<\/p><\/div>\n<\/p><\/div>\n<\/p><\/div>\n<\/p><\/div>\n<\/p><\/div>\n<\/p><\/div>\n<div style=\"color: #222222; font-family: arial, sans-serif; font-size: 12.8000001907349px; line-height: normal; text-align: start;\">\n<ol style=\"list-style-type: upper-alpha;\">\n<li style=\"margin-left: 15px;\"><span style=\"font-size: 12pt;\">&nbsp;VoluntI<span style=\"color: #222222;\">ENCONTRAR\u00c9IS TODA LA INFORMACI\u00d3N EN &nbsp;<\/span><a style=\"color: #1155cc;\" href=\"http:\/\/www.areaactiva.net\/\" target=\"_blank\">WWW.AREAACTIVA.NET<\/a><\/span><span style=\"font-size: 10pt; color: #222222;\"><br \/><\/span><\/li>\n<\/ol>\n<\/div>\n","protected":false},"excerpt":{"rendered":"<p>&nbsp; A continuaci\u00f3n, os hacemos llegar informaci\u00f3n relativa a los&nbsp;CAMPAMENTOS y PROGRAMAS DE VOLUNTARIADO&nbsp;que se han organizado para este verano en Is\u00edn y en Yebra de Basa (HUESCA). &nbsp; Existen varias posibilidades en funci\u00f3n de la edad, pudiendo participar ni\u00f1os&nbsp;desde 8 a\u00f1os hasta j\u00f3venes de 29.&nbsp; &nbsp; Son campamentos y voluntariados que giran en torno [&hellip;]<\/p>\n","protected":false},"author":1,"featured_media":0,"comment_status":"open","ping_status":"open","sticky":false,"template":"","format":"standard","meta":{"_genesis_hide_title":false,"_genesis_hide_breadcrumbs":false,"_genesis_hide_singular_image":false,"_genesis_hide_footer_widgets":false,"_genesis_custom_body_class":"","_genesis_custom_post_class":"","_genesis_layout":""},"categories":[1],"tags":[],"_links":{"self":[{"href":"https:\/\/iesalhama.educacion.navarra.es\/web1\/wp-json\/wp\/v2\/posts\/504"}],"collection":[{"href":"https:\/\/iesalhama.educacion.navarra.es\/web1\/wp-json\/wp\/v2\/posts"}],"about":[{"href":"https:\/\/iesalhama.educacion.navarra.es\/web1\/wp-json\/wp\/v2\/types\/post"}],"author":[{"embeddable":true,"href":"https:\/\/iesalhama.educacion.navarra.es\/web1\/wp-json\/wp\/v2\/users\/1"}],"replies":[{"embeddable":true,"href":"https:\/\/iesalhama.educacion.navarra.es\/web1\/wp-json\/wp\/v2\/comments?post=504"}],"version-history":[{"count":0,"href":"https:\/\/iesalhama.educacion.navarra.es\/web1\/wp-json\/wp\/v2\/posts\/504\/revisions"}],"wp:attachment":[{"href":"https:\/\/iesalhama.educacion.navarra.es\/web1\/wp-json\/wp\/v2\/media?parent=504"}],"wp:term":[{"taxonomy":"category","embeddable":true,"href":"https:\/\/iesalhama.educacion.navarra.es\/web1\/wp-json\/wp\/v2\/categories?post=504"},{"taxonomy":"post_tag","embeddable":true,"href":"https:\/\/iesalhama.educacion.navarra.es\/web1\/wp-json\/wp\/v2\/tags?post=504"}],"curies":[{"name":"wp","href":"https:\/\/api.w.org\/{rel}","templated":true}]}}