{"id":512,"date":"2015-05-14T09:42:50","date_gmt":"2015-05-14T07:42:50","guid":{"rendered":"https:\/\/iesalhama.educacion.navarra.es\/web1\/blog\/2015\/05\/14\/intercambio-cintruenigo-corella-con-mugron-francia\/"},"modified":"2015-05-14T09:42:50","modified_gmt":"2015-05-14T07:42:50","slug":"intercambio-cintruenigo-corella-con-mugron-francia","status":"publish","type":"post","link":"https:\/\/iesalhama.educacion.navarra.es\/web1\/intercambio-cintruenigo-corella-con-mugron-francia\/","title":{"rendered":"* Intercambio Cintru\u00e9nigo\/Corella con Mugron (Francia)"},"content":{"rendered":"\n<p>&nbsp;<\/p>\n<p style=\"margin-bottom: 0.0001pt; text-align: justify; line-height: normal; background-image: initial; background-attachment: initial; background-position: initial; background-repeat: initial;\"><span style=\"font-family: Arial, sans-serif; color: #222222; font-size: 12pt;\">Varios alumnos de 3\u00ba y 4\u00ba de ESO de <strong><i>Franc\u00e9s<\/i><\/strong>, del 20 al 23 de mayo, van a alojar en sus hogares a otros&nbsp;del&nbsp;<strong><i>Coll\u00e8ge Ren\u00e9 Soubaign\u00e9 de Mugron<\/i><\/strong>. El curso pasado, fueron nuestros alumnos los que se desplazaron hasta all\u00ed. &nbsp;Ahora, somos nosotros los que les ofrecemos nuestra hospitalidad. Esperamos que disfruten de su estancia.<\/span><\/p>\n<p><span style=\"font-size: 12pt; line-height: 115%; font-family: Arial, sans-serif; color: #222222;\">Para ver el programa, <a href=\"https:\/\/iesalhama.educacion.navarra.es\/web1\/wp-content\/uploads\/2015\/05\/Programa_estancia_mayo_2015_._Mugr%C3%B3n.doc\"><span style=\"color: #0000ff;\"><strong><span style=\"background-color: #ffffff;\"><span style=\"background-color: #ffffff;\">pulse aqu\u00ed<\/span><\/span><\/strong><\/span><\/a>.<\/span><\/p>\n","protected":false},"excerpt":{"rendered":"<p>&nbsp; Varios alumnos de 3\u00ba y 4\u00ba de ESO de Franc\u00e9s, del 20 al 23 de mayo, van a alojar en sus hogares a otros&nbsp;del&nbsp;Coll\u00e8ge Ren\u00e9 Soubaign\u00e9 de Mugron. El curso pasado, fueron nuestros alumnos los que se desplazaron hasta all\u00ed. &nbsp;Ahora, somos nosotros los que les ofrecemos nuestra hospitalidad. Esperamos que disfruten de su [&hellip;]<\/p>\n","protected":false},"author":1,"featured_media":0,"comment_status":"open","ping_status":"open","sticky":false,"template":"","format":"standard","meta":{"_genesis_hide_title":false,"_genesis_hide_breadcrumbs":false,"_genesis_hide_singular_image":false,"_genesis_hide_footer_widgets":false,"_genesis_custom_body_class":"","_genesis_custom_post_class":"","_genesis_layout":""},"categories":[1],"tags":[],"_links":{"self":[{"href":"https:\/\/iesalhama.educacion.navarra.es\/web1\/wp-json\/wp\/v2\/posts\/512"}],"collection":[{"href":"https:\/\/iesalhama.educacion.navarra.es\/web1\/wp-json\/wp\/v2\/posts"}],"about":[{"href":"https:\/\/iesalhama.educacion.navarra.es\/web1\/wp-json\/wp\/v2\/types\/post"}],"author":[{"embeddable":true,"href":"https:\/\/iesalhama.educacion.navarra.es\/web1\/wp-json\/wp\/v2\/users\/1"}],"replies":[{"embeddable":true,"href":"https:\/\/iesalhama.educacion.navarra.es\/web1\/wp-json\/wp\/v2\/comments?post=512"}],"version-history":[{"count":0,"href":"https:\/\/iesalhama.educacion.navarra.es\/web1\/wp-json\/wp\/v2\/posts\/512\/revisions"}],"wp:attachment":[{"href":"https:\/\/iesalhama.educacion.navarra.es\/web1\/wp-json\/wp\/v2\/media?parent=512"}],"wp:term":[{"taxonomy":"category","embeddable":true,"href":"https:\/\/iesalhama.educacion.navarra.es\/web1\/wp-json\/wp\/v2\/categories?post=512"},{"taxonomy":"post_tag","embeddable":true,"href":"https:\/\/iesalhama.educacion.navarra.es\/web1\/wp-json\/wp\/v2\/tags?post=512"}],"curies":[{"name":"wp","href":"https:\/\/api.w.org\/{rel}","templated":true}]}}