{"id":516,"date":"2015-05-19T09:31:39","date_gmt":"2015-05-19T07:31:39","guid":{"rendered":"https:\/\/iesalhama.educacion.navarra.es\/web1\/blog\/2015\/05\/19\/celebrada-la-xxix-olimpiada-matematica-navarra\/"},"modified":"2015-05-19T09:31:39","modified_gmt":"2015-05-19T07:31:39","slug":"celebrada-la-xxix-olimpiada-matematica-navarra","status":"publish","type":"post","link":"https:\/\/iesalhama.educacion.navarra.es\/web1\/celebrada-la-xxix-olimpiada-matematica-navarra\/","title":{"rendered":"* Celebrada la XXIX Olimpiada matem\u00e1tica navarra"},"content":{"rendered":"\n<p style=\"text-align: left;\" align=\"center\"><strong><span style=\"font-size: 13.5pt; font-family: Verdana; color: black; background: white none repeat scroll 0% 0%;\">&nbsp;<\/span><\/strong><\/p>\n<p style=\"line-height: 150%;\"><span style=\"font-size: 11pt; line-height: 150%; font-family: Verdana; color: black; background: white none repeat scroll 0% 0%;\">El pasado s\u00e1bado 16 de mayo, 168 alumnos y alumnas de 2\u00ba de la ESO procedentes de 57 centros de toda la geograf\u00eda navarra participaron en la XXIX edici\u00f3n de la <span style=\"color: #800000;\"><strong>Olimpiada de Matem\u00e1ticas de Navarra<\/strong><\/span>, organizada por la Sociedad Navarra de Profesores de Matem\u00e1ticas \u00ab<strong><span style=\"color: #800000;\">Tornamira<\/span><\/strong>\u00bb ( cuyo presidente es el profesor del IES Alhama <strong><span style=\"color: #800000;\">J. Javier Jim\u00e9nez Iba\u00f1ez<\/span><\/strong>) con la colaboraci\u00f3n del Departamento de Educaci\u00f3n. Este a\u00f1o, el&nbsp;IES \u00ab<strong><span style=\"color: #800000;\">Basoko<\/span><\/strong>\u00bb de Pamplona, &nbsp;fue el anfitri\u00f3n del evento que fue inaugurado por el alcalde de Pamplona, <span style=\"color: #800000;\"><strong>Enrique Maya<\/strong><\/span> que adem\u00e1s fue el presidente de honor de la Olimpiada<\/span><\/p>\n<p style=\"text-align: left;\" align=\"center\"><strong><span style=\"font-size: 13.5pt; font-family: Verdana; color: black; background: white none repeat scroll 0% 0%;\">&nbsp;<\/span><\/strong><\/p>\n<p style=\"line-height: 150%; background: white none repeat scroll 0% 0%;\"><span style=\"font-size: 11pt; line-height: 150%; font-family: Verdana; color: black;\"><span style=\"color: #000000;\">El consejero de Educaci\u00f3n<\/span>, <strong><span style=\"color: #800000;\">Jos\u00e9 Iribas<\/span><\/strong>, entreg\u00f3 los diplomas y&nbsp;&nbsp;el trofeo a la pareja ganadora formada por <strong><span style=\"color: #800000;\">Carmen Zalba Irurozqui<\/span> <\/strong>(Colegio San Cernin de Pamplona) y <strong><span style=\"color: #800000;\">Jos\u00e9 Jes\u00fas Hip\u00f3lito Usme<\/span><\/strong> (IES Tierra Estella)&nbsp;&nbsp;que representar\u00e1n a nuestra Comunidad en la XXVI Olimpiada Nacional, que se desarrollar\u00e1 en Huesca y Zaragoza del 24 al 28 de junio.<\/span><\/p>\n<p style=\"line-height: 150%; background: white none repeat scroll 0% 0%;\"><span style=\"font-size: 11pt; line-height: 150%; font-family: Verdana; color: black;\">&nbsp;<\/span><\/p>\n<p style=\"line-height: 150%; background: white none repeat scroll 0% 0%; text-align: left;\"><span style=\"font-size: 11pt; line-height: 150%; font-family: Verdana; color: black;\">Este a\u00f1o las alumnas: <strong><span style=\"color: #800000;\">Josefina Ochoa<\/span><\/strong>, <\/span><span style=\"font-size: 11pt; line-height: 150%; font-family: Verdana; color: black;\"><strong><span style=\"color: #800000;\">Sof\u00eda Segura y&nbsp;<\/span><\/strong><\/span><span style=\"font-size: 11pt; line-height: 150%; font-family: Verdana; color: black;\"><strong><span style=\"color: #800000;\">Carmen Jim\u00e9nez<\/span><\/strong> han sido las representantes del IES Alhama en la Olimpiada.<\/span><\/p>\n<p style=\"text-align: left;\" align=\"center\"><strong><span style=\"font-size: 13.5pt; font-family: Verdana; color: black; background: white none repeat scroll 0% 0%;\">&nbsp;<\/span><\/strong><\/p>\n<p style=\"line-height: 150%; background: white none repeat scroll 0% 0%;\"><span style=\"font-size: 11pt; line-height: 150%; font-family: Verdana; color: black;\">Se anunci\u00f3 tambi\u00e9n que la pr\u00f3xima edici\u00f3n tendr\u00e1 lugar el a\u00f1o pr\u00f3ximo en el <span style=\"color: #800000;\"><strong>IESO LA PAZ de Cintru\u00e9nigo.<\/strong><\/span><\/span><\/p>\n<p style=\"text-align: center;\" align=\"center\"><strong><span style=\"font-size: 13.5pt; font-family: Verdana; color: black; background: white none repeat scroll 0% 0%;\">&nbsp;<img loading=\"lazy\" class=\" size-full wp-image-514\" src=\"https:\/\/iesalhama.educacion.navarra.es\/web1\/wp-content\/uploads\/2015\/05\/3_parejas.jpg\" alt=\"3 parejas\" width=\"600\" height=\"450\" srcset=\"https:\/\/iesalhama.educacion.navarra.es\/web1\/wp-content\/uploads\/2015\/05\/3_parejas.jpg 600w, https:\/\/iesalhama.educacion.navarra.es\/web1\/wp-content\/uploads\/2015\/05\/3_parejas-300x225.jpg 300w\" sizes=\"(max-width: 600px) 100vw, 600px\" \/><\/span><\/strong><\/p>\n<p style=\"text-align: left;\">&nbsp;<\/p>\n<p style=\"text-align: center;\"><img loading=\"lazy\" class=\" size-full wp-image-515\" src=\"https:\/\/iesalhama.educacion.navarra.es\/web1\/wp-content\/uploads\/2015\/05\/alumnos_Alhama.jpg\" alt=\"alumnos Alhama\" width=\"600\" height=\"450\" srcset=\"https:\/\/iesalhama.educacion.navarra.es\/web1\/wp-content\/uploads\/2015\/05\/alumnos_Alhama.jpg 600w, https:\/\/iesalhama.educacion.navarra.es\/web1\/wp-content\/uploads\/2015\/05\/alumnos_Alhama-300x225.jpg 300w\" sizes=\"(max-width: 600px) 100vw, 600px\" \/><\/p>\n<p style=\"text-align: center;\"><span style=\"font-size: 11pt; line-height: 150%; font-family: Verdana; color: black;\"><strong><span style=\"color: #800000;\">Josefina Ochoa<\/span><\/strong>, <\/span><span style=\"font-size: 11pt; line-height: 150%; font-family: Verdana; color: black;\"><strong><span style=\"color: #800000;\">Sof\u00eda Segura y&nbsp;<\/span><\/strong><\/span><span style=\"font-size: 11pt; line-height: 150%; font-family: Verdana; color: black;\"><strong><span style=\"color: #800000;\">Carmen Jim\u00e9nez<\/span><\/strong><\/span><\/p>\n","protected":false},"excerpt":{"rendered":"<p>&nbsp; El pasado s\u00e1bado 16 de mayo, 168 alumnos y alumnas de 2\u00ba de la ESO procedentes de 57 centros de toda la geograf\u00eda navarra participaron en la XXIX edici\u00f3n de la Olimpiada de Matem\u00e1ticas de Navarra, organizada por la Sociedad Navarra de Profesores de Matem\u00e1ticas \u00abTornamira\u00bb ( cuyo presidente es el profesor del IES [&hellip;]<\/p>\n","protected":false},"author":1,"featured_media":514,"comment_status":"open","ping_status":"open","sticky":false,"template":"","format":"standard","meta":{"_genesis_hide_title":false,"_genesis_hide_breadcrumbs":false,"_genesis_hide_singular_image":false,"_genesis_hide_footer_widgets":false,"_genesis_custom_body_class":"","_genesis_custom_post_class":"","_genesis_layout":""},"categories":[1],"tags":[],"_links":{"self":[{"href":"https:\/\/iesalhama.educacion.navarra.es\/web1\/wp-json\/wp\/v2\/posts\/516"}],"collection":[{"href":"https:\/\/iesalhama.educacion.navarra.es\/web1\/wp-json\/wp\/v2\/posts"}],"about":[{"href":"https:\/\/iesalhama.educacion.navarra.es\/web1\/wp-json\/wp\/v2\/types\/post"}],"author":[{"embeddable":true,"href":"https:\/\/iesalhama.educacion.navarra.es\/web1\/wp-json\/wp\/v2\/users\/1"}],"replies":[{"embeddable":true,"href":"https:\/\/iesalhama.educacion.navarra.es\/web1\/wp-json\/wp\/v2\/comments?post=516"}],"version-history":[{"count":0,"href":"https:\/\/iesalhama.educacion.navarra.es\/web1\/wp-json\/wp\/v2\/posts\/516\/revisions"}],"wp:featuredmedia":[{"embeddable":true,"href":"https:\/\/iesalhama.educacion.navarra.es\/web1\/wp-json\/wp\/v2\/media\/514"}],"wp:attachment":[{"href":"https:\/\/iesalhama.educacion.navarra.es\/web1\/wp-json\/wp\/v2\/media?parent=516"}],"wp:term":[{"taxonomy":"category","embeddable":true,"href":"https:\/\/iesalhama.educacion.navarra.es\/web1\/wp-json\/wp\/v2\/categories?post=516"},{"taxonomy":"post_tag","embeddable":true,"href":"https:\/\/iesalhama.educacion.navarra.es\/web1\/wp-json\/wp\/v2\/tags?post=516"}],"curies":[{"name":"wp","href":"https:\/\/api.w.org\/{rel}","templated":true}]}}