{"id":5204,"date":"2021-01-26T12:15:42","date_gmt":"2021-01-26T11:15:42","guid":{"rendered":"https:\/\/iesalhama.educacion.navarra.es\/web1\/?p=5204"},"modified":"2021-01-26T12:15:44","modified_gmt":"2021-01-26T11:15:44","slug":"escuela-comunitaria-en-la-ribera","status":"publish","type":"post","link":"https:\/\/iesalhama.educacion.navarra.es\/web1\/escuela-comunitaria-en-la-ribera\/","title":{"rendered":"Escuela comunitaria en la Ribera"},"content":{"rendered":"\n<p>Nueva sesi\u00f3n de la<strong>&nbsp;ESCUELA COMUNITARIA EN RIBERA.<\/strong>El 28 de enero de 18h00 a 19h30 de manera telem\u00e1tica, se celebrar\u00e1 un nuevo encuentro de padres, madres de adolescentes.&nbsp;La sesi\u00f3n se realizar\u00e1 a trav\u00e9s de ZOOM y es necesario inscribirse mandando un correo a la direcci\u00f3n que aparece en el cartel.<\/p>\n\n\n\n<p>El proyecto Atenci\u00f3n socioeducativa a la infancia y adolescencia en Ribera es desarrollado por Asociaci\u00f3n Navarra Nuevo Futuro , y subvencionado por Innovasocial de \u00a0Fundaci\u00f3n CajaNavarra y Fundaci\u00f3n LaCaixa y por \u00a0Gobierno de Navarra (Protecci\u00f3n del Menor y Salud P\u00fablica). Se realiza en cooperaci\u00f3n con los Ayuntamientos de Tudela, Corella, Castej\u00f3n y la Mancomunidad de SS de Cintru\u00e9nigo-Fitero.<\/p>\n\n\n<a href=\"https:\/\/iesalhama.educacion.navarra.es\/web1\/wp-content\/uploads\/2021\/01\/Escuela-comunitaria-28-enero-2021.pdf\" class=\"pdfemb-viewer\" style=\"\" data-width=\"max\" data-height=\"max\" data-toolbar=\"bottom\" data-toolbar-fixed=\"off\">Escuela-comunitaria-28-enero-2021<\/a>\n<p class=\"wp-block-pdfemb-pdf-embedder-viewer\"><\/p>\n","protected":false},"excerpt":{"rendered":"<p>Nueva sesi\u00f3n de la&nbsp;ESCUELA COMUNITARIA EN RIBERA.El 28 de enero de 18h00 a 19h30 de manera telem\u00e1tica, se celebrar\u00e1 un nuevo encuentro de padres, madres de adolescentes.&nbsp;La sesi\u00f3n se realizar\u00e1 a trav\u00e9s de ZOOM y es necesario inscribirse mandando un correo a la direcci\u00f3n que aparece en el cartel. El proyecto Atenci\u00f3n socioeducativa a la [&hellip;]<\/p>\n","protected":false},"author":4,"featured_media":0,"comment_status":"open","ping_status":"open","sticky":false,"template":"","format":"standard","meta":{"_genesis_hide_title":false,"_genesis_hide_breadcrumbs":false,"_genesis_hide_singular_image":false,"_genesis_hide_footer_widgets":false,"_genesis_custom_body_class":"","_genesis_custom_post_class":"","_genesis_layout":""},"categories":[86],"tags":[],"_links":{"self":[{"href":"https:\/\/iesalhama.educacion.navarra.es\/web1\/wp-json\/wp\/v2\/posts\/5204"}],"collection":[{"href":"https:\/\/iesalhama.educacion.navarra.es\/web1\/wp-json\/wp\/v2\/posts"}],"about":[{"href":"https:\/\/iesalhama.educacion.navarra.es\/web1\/wp-json\/wp\/v2\/types\/post"}],"author":[{"embeddable":true,"href":"https:\/\/iesalhama.educacion.navarra.es\/web1\/wp-json\/wp\/v2\/users\/4"}],"replies":[{"embeddable":true,"href":"https:\/\/iesalhama.educacion.navarra.es\/web1\/wp-json\/wp\/v2\/comments?post=5204"}],"version-history":[{"count":1,"href":"https:\/\/iesalhama.educacion.navarra.es\/web1\/wp-json\/wp\/v2\/posts\/5204\/revisions"}],"predecessor-version":[{"id":5206,"href":"https:\/\/iesalhama.educacion.navarra.es\/web1\/wp-json\/wp\/v2\/posts\/5204\/revisions\/5206"}],"wp:attachment":[{"href":"https:\/\/iesalhama.educacion.navarra.es\/web1\/wp-json\/wp\/v2\/media?parent=5204"}],"wp:term":[{"taxonomy":"category","embeddable":true,"href":"https:\/\/iesalhama.educacion.navarra.es\/web1\/wp-json\/wp\/v2\/categories?post=5204"},{"taxonomy":"post_tag","embeddable":true,"href":"https:\/\/iesalhama.educacion.navarra.es\/web1\/wp-json\/wp\/v2\/tags?post=5204"}],"curies":[{"name":"wp","href":"https:\/\/api.w.org\/{rel}","templated":true}]}}