{"id":525,"date":"2015-05-25T13:53:37","date_gmt":"2015-05-25T11:53:37","guid":{"rendered":"https:\/\/iesalhama.educacion.navarra.es\/web1\/blog\/2015\/05\/25\/encuentro-comenius-en-portugal\/"},"modified":"2015-05-25T13:53:37","modified_gmt":"2015-05-25T11:53:37","slug":"encuentro-comenius-en-portugal","status":"publish","type":"post","link":"https:\/\/iesalhama.educacion.navarra.es\/web1\/encuentro-comenius-en-portugal\/","title":{"rendered":"* Encuentro Comenius en Portugal"},"content":{"rendered":"\n<p style=\"text-align: left;\"><span style=\"font-size: 10pt;\">&nbsp;<\/span>Alumnos y profesores del IES Alhama de Corella asistieron al \u00faltimo encuentro&nbsp; del Proyecto&nbsp; Comenius \u201cA Greener World\u201d,&nbsp; que tuvo lugar en la Escola Secund\u00e1ria C\/ 3\u00ba Ciclo de Azambuja en Portugal, durante los d\u00edas 11 al 18 de mayo.<\/p>\n<p style=\"text-align: left;\"><span style=\"font-size: 10pt;\">&nbsp;<\/span>7 alumnos y 4 profesoras del&nbsp; IES Alhama de Corella tuvieron oportunidad de disfrutar de la estupenda acogida que les brind\u00f3 el instituto portugu\u00e9s, compartiendo experiencias con alumnos y profesores de los 6 pa\u00edses que tomaron parte en dicho proyecto: Turqu\u00eda, Polonia, Eslovaquia, Italia,Francia y Portugal.<\/p>\n<p style=\"text-align: left;\"><span style=\"font-size: 10pt;\">&nbsp;<\/span>A lo largo de&nbsp; 4 d\u00edas, participaron en distintas actividades relacionadas con el proyecto,&nbsp; incluyendo presentaciones preparadas en sus respectivos pa\u00edses&nbsp; sobre \u201c A greener world\u201d y talleres sobre&nbsp; temas relacionados con la ecolog\u00eda y la protecci\u00f3n del medio ambiente.<\/p>\n<p style=\"text-align: left;\">&nbsp;<\/p>\n<p style=\"text-indent: 35.4pt; text-align: center;\">&nbsp;<img loading=\"lazy\" class=\" size-full wp-image-523\" src=\"https:\/\/iesalhama.educacion.navarra.es\/web1\/wp-content\/uploads\/2015\/05\/grupo_Portugal.jpg\" alt=\"grupo Portugal\" width=\"554\" height=\"419\" srcset=\"https:\/\/iesalhama.educacion.navarra.es\/web1\/wp-content\/uploads\/2015\/05\/grupo_Portugal.jpg 554w, https:\/\/iesalhama.educacion.navarra.es\/web1\/wp-content\/uploads\/2015\/05\/grupo_Portugal-300x227.jpg 300w\" sizes=\"(max-width: 554px) 100vw, 554px\" \/><\/p>\n<p style=\"text-indent: 35.4pt; text-align: center;\">&nbsp;<i>Los alumnos corellanos, tras realizar su presentaci\u00f3n, posan junto a un \u00e1rbol que representa a los pa\u00edses &nbsp; &nbsp;participantes en el encuentro.<\/i><\/p>\n<p style=\"text-indent: 35.4pt; text-align: center;\">&nbsp;<\/p>\n<p style=\"text-align: left;\"><span style=\"font-size: 10pt;\">&nbsp;<\/span>Adem\u00e1s, realizaron visitas a distintos lugares de inter\u00e9s como el Oceanoario de Lisboa en el recinto de la Exposici\u00f3n Internacional de 1998 o al centro hist\u00f3rico de la capital lisboeta. Tambi\u00e9n visitaron el monasterio de Los Jer\u00f3nimos o la Torre de Belem.&nbsp; As\u00ed mismo, en la ciudad de Sintra&nbsp; disfrutaron de&nbsp; una gymkana internacional en los jardines del Palacio da Pena.<\/p>\n<p style=\"text-indent: 35.4pt; text-align: center;\">&nbsp;<img loading=\"lazy\" class=\" size-full wp-image-524\" src=\"https:\/\/iesalhama.educacion.navarra.es\/web1\/wp-content\/uploads\/2015\/05\/profeschicos_portugal.jpg\" alt=\"profeschicos portugal\" width=\"500\" height=\"375\" srcset=\"https:\/\/iesalhama.educacion.navarra.es\/web1\/wp-content\/uploads\/2015\/05\/profeschicos_portugal.jpg 500w, https:\/\/iesalhama.educacion.navarra.es\/web1\/wp-content\/uploads\/2015\/05\/profeschicos_portugal-300x225.jpg 300w\" sizes=\"(max-width: 500px) 100vw, 500px\" \/><\/p>\n<p style=\"text-indent: 35.4pt; text-align: center;\">&nbsp;&nbsp; Alumnos y profesores del IES Alhama con la ciudad de Lisboa al fondo.<\/p>\n<p style=\"text-indent: 35.4pt; text-align: center;\">&nbsp;<\/p>\n<p style=\"text-align: left;\">El encuentro en Portugal&nbsp; ha supuesto el punto final del proyecto Comenius, llevado a cabo durante los cursos 2013-2015 en el IES Alhama con los pa\u00edses anteriormente mencionados. El alumnado y el profesorado participante en las distintos encuentros&nbsp; ha valorado muy positivamente las experiencias vividas, ya que les ha permitido aprender, convivir y enriquecerse con alumnos y profesores de distintas nacionalidades.<i>&nbsp;<\/i><\/p>\n<p style=\"text-align: left;\"><span style=\"font-size: 10pt;\">&nbsp;<\/span><\/p>\n<p style=\"text-align: justify;\"><i>&nbsp;<\/i><\/p>\n<p style=\"text-align: left;\"><span style=\"font-size: 10pt;\">&nbsp;<\/span><\/p>\n","protected":false},"excerpt":{"rendered":"<p>&nbsp;Alumnos y profesores del IES Alhama de Corella asistieron al \u00faltimo encuentro&nbsp; del Proyecto&nbsp; Comenius \u201cA Greener World\u201d,&nbsp; que tuvo lugar en la Escola Secund\u00e1ria C\/ 3\u00ba Ciclo de Azambuja en Portugal, durante los d\u00edas 11 al 18 de mayo. &nbsp;7 alumnos y 4 profesoras del&nbsp; IES Alhama de Corella tuvieron oportunidad de disfrutar de [&hellip;]<\/p>\n","protected":false},"author":1,"featured_media":523,"comment_status":"open","ping_status":"open","sticky":false,"template":"","format":"standard","meta":{"_genesis_hide_title":false,"_genesis_hide_breadcrumbs":false,"_genesis_hide_singular_image":false,"_genesis_hide_footer_widgets":false,"_genesis_custom_body_class":"","_genesis_custom_post_class":"","_genesis_layout":""},"categories":[1],"tags":[],"_links":{"self":[{"href":"https:\/\/iesalhama.educacion.navarra.es\/web1\/wp-json\/wp\/v2\/posts\/525"}],"collection":[{"href":"https:\/\/iesalhama.educacion.navarra.es\/web1\/wp-json\/wp\/v2\/posts"}],"about":[{"href":"https:\/\/iesalhama.educacion.navarra.es\/web1\/wp-json\/wp\/v2\/types\/post"}],"author":[{"embeddable":true,"href":"https:\/\/iesalhama.educacion.navarra.es\/web1\/wp-json\/wp\/v2\/users\/1"}],"replies":[{"embeddable":true,"href":"https:\/\/iesalhama.educacion.navarra.es\/web1\/wp-json\/wp\/v2\/comments?post=525"}],"version-history":[{"count":0,"href":"https:\/\/iesalhama.educacion.navarra.es\/web1\/wp-json\/wp\/v2\/posts\/525\/revisions"}],"wp:featuredmedia":[{"embeddable":true,"href":"https:\/\/iesalhama.educacion.navarra.es\/web1\/wp-json\/wp\/v2\/media\/523"}],"wp:attachment":[{"href":"https:\/\/iesalhama.educacion.navarra.es\/web1\/wp-json\/wp\/v2\/media?parent=525"}],"wp:term":[{"taxonomy":"category","embeddable":true,"href":"https:\/\/iesalhama.educacion.navarra.es\/web1\/wp-json\/wp\/v2\/categories?post=525"},{"taxonomy":"post_tag","embeddable":true,"href":"https:\/\/iesalhama.educacion.navarra.es\/web1\/wp-json\/wp\/v2\/tags?post=525"}],"curies":[{"name":"wp","href":"https:\/\/api.w.org\/{rel}","templated":true}]}}