{"id":539,"date":"2015-06-09T07:59:49","date_gmt":"2015-06-09T05:59:49","guid":{"rendered":"https:\/\/iesalhama.educacion.navarra.es\/web1\/blog\/2015\/06\/09\/viaje-de-estudios-andalucia-2015\/"},"modified":"2015-06-09T07:59:49","modified_gmt":"2015-06-09T05:59:49","slug":"viaje-de-estudios-andalucia-2015","status":"publish","type":"post","link":"https:\/\/iesalhama.educacion.navarra.es\/web1\/viaje-de-estudios-andalucia-2015\/","title":{"rendered":"* Viaje de estudios: Andaluc\u00eda 2015"},"content":{"rendered":"\n<p style=\"margin-bottom: 0.0001pt; text-align: justify; line-height: normal; background-image: initial; background-attachment: initial; background-position: initial; background-repeat: initial;\"><span style=\"font-size: 12pt;\"><span style=\"font-family: Arial, sans-serif; color: #222222;\">De nuevo, nuestros alumnos de <\/span><strong><i><span style=\"font-family: Arial, sans-serif; color: #943634;\">4\u00ba ESO<\/span><\/i><\/strong><span style=\"font-family: Arial, sans-serif; color: #222222;\"> y <\/span><strong><i><span style=\"font-family: Arial, sans-serif; color: #943634;\">1\u00ba de Bachillerato<\/span><\/i><\/strong><span style=\"font-family: Arial, sans-serif; color: #222222;\"> realizar\u00e1n un viaje de estudios organizado por la vicedirecci\u00f3n del centro.<\/span><\/span><\/p>\n<p style=\"margin-bottom: 0.0001pt; text-align: justify; line-height: normal; background-image: initial; background-attachment: initial; background-position: initial; background-repeat: initial;\"><span style=\"font-size: 12pt;\"><span style=\"font-family: Arial, sans-serif; color: #222222;\">&nbsp;<\/span><\/span><\/p>\n<p style=\"margin-bottom: 0.0001pt; text-align: justify; line-height: normal; background-image: initial; background-attachment: initial; background-position: initial; background-repeat: initial;\"><span style=\"font-size: 12pt;\"><span style=\"font-family: Arial, sans-serif; color: #222222;\">Viajar\u00e1n la <\/span><strong><i><span style=\"font-family: Arial, sans-serif; color: #943634;\">semana del 22 al 26 de junio<\/span><\/i><\/strong><span style=\"font-family: Arial, sans-serif; color: #222222;\">, con <strong><span style=\"text-decoration: underline;\">salida<\/span><\/strong> el lunes 22 a las siete de la ma\u00f1ana desde el IES Alhama de Corella y <strong><span style=\"text-decoration: underline;\">regreso<\/span><\/strong> el 26 sobre las 23 horas. El destino Andaluc\u00eda; con estancia en Torremolinos y visita a Granada, C\u00f3rdoba y M\u00e1laga.&nbsp;<\/span><\/span><\/p>\n<p style=\"margin-bottom: 0.0001pt; text-align: justify; line-height: normal; background-image: initial; background-attachment: initial; background-position: initial; background-repeat: initial;\"><span style=\"font-size: 12pt;\"><span style=\"font-family: Arial, sans-serif; color: #222222;\">&nbsp;<\/span><\/span><\/p>\n<p style=\"margin-bottom: 0.0001pt; text-align: justify; line-height: normal; background-image: initial; background-attachment: initial; background-position: initial; background-repeat: initial;\"><span style=\"font-family: Arial, sans-serif; color: #222222; font-size: 12pt;\"><span style=\"text-decoration: underline;\">Profesores acompa\u00f1antes<\/span>: <strong>Aurora \u00c1lvarez<\/strong>, <strong>Javier Garc\u00eda<\/strong>, <strong>Jos\u00e9 \u00c1ngel Sebasti\u00e1n<\/strong> y <strong>Amaya Ojer<\/strong>. A ellos, se unir\u00e1 la <strong>cuidadora de Elisa<\/strong>, nuestra alumna de UCE.&nbsp;<\/span><\/p>\n<p style=\"margin-bottom: 0.0001pt; text-align: justify; line-height: normal; background-image: initial; background-attachment: initial; background-position: initial; background-repeat: initial;\"><span style=\"font-family: Arial, sans-serif; color: #222222; font-size: 12pt;\">&nbsp;<\/span><\/p>\n<p style=\"margin-bottom: 0.0001pt; text-align: justify; line-height: normal; background-image: initial; background-attachment: initial; background-position: initial; background-repeat: initial;\"><span style=\"font-family: Arial, sans-serif; color: #222222; font-size: 12pt;\">Para m\u00e1s informaci\u00f3n pincha aqu\u00ed: (<a href=\"https:\/\/iesalhama.educacion.navarra.es\/web1\/wp-content\/uploads\/2015\/06\/itinerario_opcion-_Andaluc%C3%ADa_con_M%C3%A1laga_1.doc\"><strong><span style=\"color: #0000ff;\">enlace al itinerario<\/span><\/strong><\/a>)<\/span><\/p>\n<p style=\"margin-bottom: 0.0001pt; text-align: justify; line-height: normal; background-image: initial; background-attachment: initial; background-position: initial; background-repeat: initial;\"><span style=\"font-family: Arial, sans-serif; color: #222222; font-size: 12pt;\">&nbsp;<\/span><\/p>\n","protected":false},"excerpt":{"rendered":"<p>De nuevo, nuestros alumnos de 4\u00ba ESO y 1\u00ba de Bachillerato realizar\u00e1n un viaje de estudios organizado por la vicedirecci\u00f3n del centro. &nbsp; Viajar\u00e1n la semana del 22 al 26 de junio, con salida el lunes 22 a las siete de la ma\u00f1ana desde el IES Alhama de Corella y regreso el 26 sobre las [&hellip;]<\/p>\n","protected":false},"author":1,"featured_media":0,"comment_status":"open","ping_status":"open","sticky":false,"template":"","format":"standard","meta":{"_genesis_hide_title":false,"_genesis_hide_breadcrumbs":false,"_genesis_hide_singular_image":false,"_genesis_hide_footer_widgets":false,"_genesis_custom_body_class":"","_genesis_custom_post_class":"","_genesis_layout":""},"categories":[1],"tags":[],"_links":{"self":[{"href":"https:\/\/iesalhama.educacion.navarra.es\/web1\/wp-json\/wp\/v2\/posts\/539"}],"collection":[{"href":"https:\/\/iesalhama.educacion.navarra.es\/web1\/wp-json\/wp\/v2\/posts"}],"about":[{"href":"https:\/\/iesalhama.educacion.navarra.es\/web1\/wp-json\/wp\/v2\/types\/post"}],"author":[{"embeddable":true,"href":"https:\/\/iesalhama.educacion.navarra.es\/web1\/wp-json\/wp\/v2\/users\/1"}],"replies":[{"embeddable":true,"href":"https:\/\/iesalhama.educacion.navarra.es\/web1\/wp-json\/wp\/v2\/comments?post=539"}],"version-history":[{"count":0,"href":"https:\/\/iesalhama.educacion.navarra.es\/web1\/wp-json\/wp\/v2\/posts\/539\/revisions"}],"wp:attachment":[{"href":"https:\/\/iesalhama.educacion.navarra.es\/web1\/wp-json\/wp\/v2\/media?parent=539"}],"wp:term":[{"taxonomy":"category","embeddable":true,"href":"https:\/\/iesalhama.educacion.navarra.es\/web1\/wp-json\/wp\/v2\/categories?post=539"},{"taxonomy":"post_tag","embeddable":true,"href":"https:\/\/iesalhama.educacion.navarra.es\/web1\/wp-json\/wp\/v2\/tags?post=539"}],"curies":[{"name":"wp","href":"https:\/\/api.w.org\/{rel}","templated":true}]}}