{"id":541,"date":"2015-06-09T08:11:14","date_gmt":"2015-06-09T06:11:14","guid":{"rendered":"https:\/\/iesalhama.educacion.navarra.es\/web1\/blog\/2015\/06\/09\/carrera-contra-el-hambre\/"},"modified":"2015-06-09T08:11:14","modified_gmt":"2015-06-09T06:11:14","slug":"carrera-contra-el-hambre","status":"publish","type":"post","link":"https:\/\/iesalhama.educacion.navarra.es\/web1\/carrera-contra-el-hambre\/","title":{"rendered":"* Carrera contra el hambre"},"content":{"rendered":"\n<p>&nbsp;<\/p>\n<div style=\"color: #222222; font-family: arial, sans-serif; font-size: 12.8000001907349px; line-height: normal; text-align: justify;\"><span style=\"font-family: arial, helvetica, sans-serif; font-size: 12pt;\">El pasado&nbsp;<em><span style=\"color: #800000;\"><strong>lunes 15 de junio<\/strong><\/span><\/em>, tuvo&nbsp;lugar la carrera contra el hambre organizada por los departamentos de <strong><span style=\"color: #800000;\">Educaci\u00f3n F\u00edsica<\/span><\/strong> y <strong><span style=\"color: #800000;\">Religi\u00f3n<\/span><\/strong> para el alumnado de <span style=\"color: #800000;\"><strong>1\u00ba y 2\u00ba ESO<\/strong><\/span> que voluntariamente quisieron apuntarse. El dinero recaudado ir\u00e1 destinado a la campa\u00f1a. \u00abAcci\u00f3n contra el hambre\u00bb.<\/span><\/div>\n<div style=\"color: #222222; font-family: arial, sans-serif; font-size: 12.8000001907349px; line-height: normal; text-align: justify;\">&nbsp;<\/div>\n<div style=\"color: #222222; font-family: arial, sans-serif; font-size: 12.8000001907349px; line-height: normal; text-align: justify;\"><span style=\"font-family: arial, helvetica, sans-serif; font-size: 12pt;\">Para m\u00e1s informaci\u00f3n pincha aqu\u00ed (<a href=\"http:\/\/www.accioncontraelhambre.org\/\"><strong><span style=\"color: #0000ff;\">enlace a la campa\u00f1a<\/span><\/strong><\/a>)<\/span><\/div>\n<div style=\"color: #222222; font-family: arial, sans-serif; font-size: 12.8000001907349px; line-height: normal; text-align: justify;\"><span style=\"font-family: arial, helvetica, sans-serif; font-size: 12pt;\">&nbsp;<\/span><\/div>\n<div style=\"color: #222222; font-family: arial, sans-serif; font-size: 12.8000001907349px; line-height: normal; text-align: justify;\">&nbsp;<\/div>\n<div style=\"color: #222222; font-family: arial, sans-serif; font-size: 12.8000001907349px; line-height: normal;\"><img loading=\"lazy\" class=\" size-full wp-image-540\" style=\"display: block; margin-left: auto; margin-right: auto;\" src=\"https:\/\/iesalhama.educacion.navarra.es\/web1\/wp-content\/uploads\/2015\/06\/carrera_contra_el_hambre.jpg\" alt=\"carrera contra el hambre\" width=\"453\" height=\"648\" srcset=\"https:\/\/iesalhama.educacion.navarra.es\/web1\/wp-content\/uploads\/2015\/06\/carrera_contra_el_hambre.jpg 453w, https:\/\/iesalhama.educacion.navarra.es\/web1\/wp-content\/uploads\/2015\/06\/carrera_contra_el_hambre-210x300.jpg 210w\" sizes=\"(max-width: 453px) 100vw, 453px\" \/><\/div>\n<div style=\"color: #222222; font-family: arial, sans-serif; font-size: 12.8000001907349px; line-height: normal; text-align: justify;\">&nbsp;<\/div>\n","protected":false},"excerpt":{"rendered":"<p>&nbsp; El pasado&nbsp;lunes 15 de junio, tuvo&nbsp;lugar la carrera contra el hambre organizada por los departamentos de Educaci\u00f3n F\u00edsica y Religi\u00f3n para el alumnado de 1\u00ba y 2\u00ba ESO que voluntariamente quisieron apuntarse. El dinero recaudado ir\u00e1 destinado a la campa\u00f1a. \u00abAcci\u00f3n contra el hambre\u00bb. &nbsp; Para m\u00e1s informaci\u00f3n pincha aqu\u00ed (enlace a la campa\u00f1a) [&hellip;]<\/p>\n","protected":false},"author":1,"featured_media":540,"comment_status":"open","ping_status":"open","sticky":false,"template":"","format":"standard","meta":{"_genesis_hide_title":false,"_genesis_hide_breadcrumbs":false,"_genesis_hide_singular_image":false,"_genesis_hide_footer_widgets":false,"_genesis_custom_body_class":"","_genesis_custom_post_class":"","_genesis_layout":""},"categories":[1],"tags":[],"_links":{"self":[{"href":"https:\/\/iesalhama.educacion.navarra.es\/web1\/wp-json\/wp\/v2\/posts\/541"}],"collection":[{"href":"https:\/\/iesalhama.educacion.navarra.es\/web1\/wp-json\/wp\/v2\/posts"}],"about":[{"href":"https:\/\/iesalhama.educacion.navarra.es\/web1\/wp-json\/wp\/v2\/types\/post"}],"author":[{"embeddable":true,"href":"https:\/\/iesalhama.educacion.navarra.es\/web1\/wp-json\/wp\/v2\/users\/1"}],"replies":[{"embeddable":true,"href":"https:\/\/iesalhama.educacion.navarra.es\/web1\/wp-json\/wp\/v2\/comments?post=541"}],"version-history":[{"count":0,"href":"https:\/\/iesalhama.educacion.navarra.es\/web1\/wp-json\/wp\/v2\/posts\/541\/revisions"}],"wp:featuredmedia":[{"embeddable":true,"href":"https:\/\/iesalhama.educacion.navarra.es\/web1\/wp-json\/wp\/v2\/media\/540"}],"wp:attachment":[{"href":"https:\/\/iesalhama.educacion.navarra.es\/web1\/wp-json\/wp\/v2\/media?parent=541"}],"wp:term":[{"taxonomy":"category","embeddable":true,"href":"https:\/\/iesalhama.educacion.navarra.es\/web1\/wp-json\/wp\/v2\/categories?post=541"},{"taxonomy":"post_tag","embeddable":true,"href":"https:\/\/iesalhama.educacion.navarra.es\/web1\/wp-json\/wp\/v2\/tags?post=541"}],"curies":[{"name":"wp","href":"https:\/\/api.w.org\/{rel}","templated":true}]}}