{"id":546,"date":"2015-06-22T13:44:42","date_gmt":"2015-06-22T11:44:42","guid":{"rendered":"https:\/\/iesalhama.educacion.navarra.es\/web1\/blog\/2015\/06\/22\/angel-millan-martinez-nuestro-orientador-se-jubila\/"},"modified":"2015-06-22T13:44:42","modified_gmt":"2015-06-22T11:44:42","slug":"angel-millan-martinez-nuestro-orientador-se-jubila","status":"publish","type":"post","link":"https:\/\/iesalhama.educacion.navarra.es\/web1\/angel-millan-martinez-nuestro-orientador-se-jubila\/","title":{"rendered":"* \u00c1ngel Mill\u00e1n Mart\u00ednez, nuestro orientador, se jubila"},"content":{"rendered":"\n<p style=\"text-align: left;\"><span style=\"font-size: 10pt;\">&nbsp;<\/span><\/p>\n<p><span style=\"font-size: 10pt;\">El pr\u00f3ximo <strong><span style=\"color: #800000;\">viernes 26 de junio<\/span> <\/strong>a las 13:00 horas tendr\u00e1 lugar un acto institucional en el <span style=\"color: #800000;\"><strong>IES Alhama<\/strong><\/span> para homenajear la labor profesional de nuestro compa\u00f1ero, orientador, <span style=\"color: #800000;\"><strong>\u00c1ngel Mill\u00e1n<\/strong><\/span>.<\/span><\/p>\n<p><span style=\"font-size: 10pt;\"><strong><span style=\"color: #800000;\">Invitamos<\/span><\/strong> a toda la comunidad educativa del IES Alhama a asistir a este momento de j\u00fabilo para \u00c1ngel.&nbsp;<\/span><\/p>\n<p><span style=\"font-size: 10pt;\">&nbsp;<\/span><\/p>\n<p style=\"text-align: center;\"><span style=\"font-size: 10pt;\"><img loading=\"lazy\" class=\" size-full wp-image-545\" src=\"https:\/\/iesalhama.educacion.navarra.es\/web1\/wp-content\/uploads\/2015\/06\/angel2.jpg\" alt=\"angel2\" width=\"357\" height=\"329\" srcset=\"https:\/\/iesalhama.educacion.navarra.es\/web1\/wp-content\/uploads\/2015\/06\/angel2.jpg 357w, https:\/\/iesalhama.educacion.navarra.es\/web1\/wp-content\/uploads\/2015\/06\/angel2-300x276.jpg 300w\" sizes=\"(max-width: 357px) 100vw, 357px\" \/><\/span><\/p>\n","protected":false},"excerpt":{"rendered":"<p>&nbsp; El pr\u00f3ximo viernes 26 de junio a las 13:00 horas tendr\u00e1 lugar un acto institucional en el IES Alhama para homenajear la labor profesional de nuestro compa\u00f1ero, orientador, \u00c1ngel Mill\u00e1n. Invitamos a toda la comunidad educativa del IES Alhama a asistir a este momento de j\u00fabilo para \u00c1ngel.&nbsp; &nbsp;<\/p>\n","protected":false},"author":1,"featured_media":545,"comment_status":"open","ping_status":"open","sticky":false,"template":"","format":"standard","meta":{"_genesis_hide_title":false,"_genesis_hide_breadcrumbs":false,"_genesis_hide_singular_image":false,"_genesis_hide_footer_widgets":false,"_genesis_custom_body_class":"","_genesis_custom_post_class":"","_genesis_layout":""},"categories":[1],"tags":[],"_links":{"self":[{"href":"https:\/\/iesalhama.educacion.navarra.es\/web1\/wp-json\/wp\/v2\/posts\/546"}],"collection":[{"href":"https:\/\/iesalhama.educacion.navarra.es\/web1\/wp-json\/wp\/v2\/posts"}],"about":[{"href":"https:\/\/iesalhama.educacion.navarra.es\/web1\/wp-json\/wp\/v2\/types\/post"}],"author":[{"embeddable":true,"href":"https:\/\/iesalhama.educacion.navarra.es\/web1\/wp-json\/wp\/v2\/users\/1"}],"replies":[{"embeddable":true,"href":"https:\/\/iesalhama.educacion.navarra.es\/web1\/wp-json\/wp\/v2\/comments?post=546"}],"version-history":[{"count":0,"href":"https:\/\/iesalhama.educacion.navarra.es\/web1\/wp-json\/wp\/v2\/posts\/546\/revisions"}],"wp:featuredmedia":[{"embeddable":true,"href":"https:\/\/iesalhama.educacion.navarra.es\/web1\/wp-json\/wp\/v2\/media\/545"}],"wp:attachment":[{"href":"https:\/\/iesalhama.educacion.navarra.es\/web1\/wp-json\/wp\/v2\/media?parent=546"}],"wp:term":[{"taxonomy":"category","embeddable":true,"href":"https:\/\/iesalhama.educacion.navarra.es\/web1\/wp-json\/wp\/v2\/categories?post=546"},{"taxonomy":"post_tag","embeddable":true,"href":"https:\/\/iesalhama.educacion.navarra.es\/web1\/wp-json\/wp\/v2\/tags?post=546"}],"curies":[{"name":"wp","href":"https:\/\/api.w.org\/{rel}","templated":true}]}}