{"id":573,"date":"2015-10-01T17:41:42","date_gmt":"2015-10-01T15:41:42","guid":{"rendered":"https:\/\/iesalhama.educacion.navarra.es\/web1\/blog\/2015\/10\/01\/inmersion-de-otono-en-villanua-huesca-2-2\/"},"modified":"2015-10-01T17:41:42","modified_gmt":"2015-10-01T15:41:42","slug":"inmersion-de-otono-en-villanua-huesca-2-2","status":"publish","type":"post","link":"https:\/\/iesalhama.educacion.navarra.es\/web1\/inmersion-de-otono-en-villanua-huesca-2-2\/","title":{"rendered":"* Inmersi\u00f3n de oto\u00f1o en Villan\u00faa (Huesca)"},"content":{"rendered":"\n<p style=\"text-align: justify; text-indent: 35.4pt;\"><span style=\"font-size: 10pt;\">Varios estudiantes de <span style=\"color: #993300;\"><strong>2\u00ba ESO<\/strong><\/span> van a&nbsp; realizar una inmersi\u00f3n ling\u00fc\u00edstica <strong><span style=\"color: #993300;\">en ingl\u00e9s<\/span><\/strong>, que tendr\u00e1 lugar en Villan\u00faa (Huesca),&nbsp; desde el&nbsp; 4&nbsp; al 10&nbsp; de octubre de 2015, dentro del programa \u201cInmersi\u00f3n de oto\u00f1o 2015\u201d, convocado por el MECD<\/span><\/p>\n<p style=\"text-align: justify; text-indent: 35.4pt;\"><span style=\"font-size: 10pt;\">Durante dicha inmersi\u00f3n, 25&nbsp; alumnos del&nbsp; <strong><span style=\"color: #993300;\">IES&nbsp; Alhama<\/span> <\/strong>tendr\u00e1n la&nbsp; oportunidad de convivir con el alumnado del Colegio Pur\u00edsima Concepci\u00f3n&nbsp; de Logro\u00f1o, realizando numerosas actividades y proyectos&nbsp; para mejorar el idioma, adem\u00e1s&nbsp; de disfrutar de excursiones y otras actividades l\u00fadico deportivas.&nbsp; Se alojar\u00e1n en el albergue de YMCA situado en la localidad oscense de <strong><span style=\"color: #993300;\">Villan\u00faa<\/span><\/strong>, en pleno coraz\u00f3n del Pirineo aragon\u00e9s.&nbsp;<\/span><\/p>\n<p>&nbsp;<\/p>\n","protected":false},"excerpt":{"rendered":"<p>Varios estudiantes de 2\u00ba ESO van a&nbsp; realizar una inmersi\u00f3n ling\u00fc\u00edstica en ingl\u00e9s, que tendr\u00e1 lugar en Villan\u00faa (Huesca),&nbsp; desde el&nbsp; 4&nbsp; al 10&nbsp; de octubre de 2015, dentro del programa \u201cInmersi\u00f3n de oto\u00f1o 2015\u201d, convocado por el MECD Durante dicha inmersi\u00f3n, 25&nbsp; alumnos del&nbsp; IES&nbsp; Alhama tendr\u00e1n la&nbsp; oportunidad de convivir con el alumnado [&hellip;]<\/p>\n","protected":false},"author":1,"featured_media":0,"comment_status":"open","ping_status":"open","sticky":false,"template":"","format":"standard","meta":{"_genesis_hide_title":false,"_genesis_hide_breadcrumbs":false,"_genesis_hide_singular_image":false,"_genesis_hide_footer_widgets":false,"_genesis_custom_body_class":"","_genesis_custom_post_class":"","_genesis_layout":""},"categories":[1],"tags":[],"_links":{"self":[{"href":"https:\/\/iesalhama.educacion.navarra.es\/web1\/wp-json\/wp\/v2\/posts\/573"}],"collection":[{"href":"https:\/\/iesalhama.educacion.navarra.es\/web1\/wp-json\/wp\/v2\/posts"}],"about":[{"href":"https:\/\/iesalhama.educacion.navarra.es\/web1\/wp-json\/wp\/v2\/types\/post"}],"author":[{"embeddable":true,"href":"https:\/\/iesalhama.educacion.navarra.es\/web1\/wp-json\/wp\/v2\/users\/1"}],"replies":[{"embeddable":true,"href":"https:\/\/iesalhama.educacion.navarra.es\/web1\/wp-json\/wp\/v2\/comments?post=573"}],"version-history":[{"count":0,"href":"https:\/\/iesalhama.educacion.navarra.es\/web1\/wp-json\/wp\/v2\/posts\/573\/revisions"}],"wp:attachment":[{"href":"https:\/\/iesalhama.educacion.navarra.es\/web1\/wp-json\/wp\/v2\/media?parent=573"}],"wp:term":[{"taxonomy":"category","embeddable":true,"href":"https:\/\/iesalhama.educacion.navarra.es\/web1\/wp-json\/wp\/v2\/categories?post=573"},{"taxonomy":"post_tag","embeddable":true,"href":"https:\/\/iesalhama.educacion.navarra.es\/web1\/wp-json\/wp\/v2\/tags?post=573"}],"curies":[{"name":"wp","href":"https:\/\/api.w.org\/{rel}","templated":true}]}}