{"id":579,"date":"2015-10-14T10:11:05","date_gmt":"2015-10-14T08:11:05","guid":{"rendered":"https:\/\/iesalhama.educacion.navarra.es\/web1\/blog\/2015\/10\/14\/imersion2015\/"},"modified":"2015-10-14T10:11:05","modified_gmt":"2015-10-14T08:11:05","slug":"imersion2015","status":"publish","type":"post","link":"https:\/\/iesalhama.educacion.navarra.es\/web1\/imersion2015\/","title":{"rendered":"* Inmersi\u00f3n de Oto\u00f1o 2015"},"content":{"rendered":"\n<p>&nbsp;<span style=\"font-size: 10pt;\"><strong><span style=\"color: #444455;\">El IES Alhama en la Inmersi\u00f3n de Oto\u00f1o 2015<\/span><\/strong><\/span><\/p>\n<p style=\"margin: 0cm 0cm 0.0001pt; text-indent: 35.4pt; line-height: 13.7pt; text-align: left; background-image: initial; background-attachment: initial; background-position: initial; background-repeat: initial;\"><span style=\"color: #444455; font-size: 10pt;\">Un grupo de 25&nbsp; alumnos\/as de 2\u00ba de la ESO del IES Alhama de Corella regresaron el pasado s\u00e1bado 10 de octubre de la Inmersi\u00f3n ling\u00fc\u00edstica de Oto\u00f1o que tuvo lugar en el pueblo oscense de Villan\u00faa. <\/span><\/p>\n<p style=\"text-align: left;\"><span style=\"font-size: 10pt;\"><strong><span style=\"color: #444455;\">&nbsp;&nbsp;&nbsp;&nbsp;&nbsp;&nbsp;&nbsp;&nbsp;&nbsp;&nbsp;&nbsp; <\/span><\/strong><span style=\"color: #444455;\">Durante su estancia de seis d\u00edas, los estudiantes navarros tuvieron&nbsp; la&nbsp; oportunidad de convivir con&nbsp; el Colegio&nbsp; Adoratrices de Logro\u00f1o. All\u00ed tuvo lugar&nbsp; un programa de&nbsp; inmersi\u00f3n ling\u00fc\u00edstica en ingl\u00e9s, realizado por un equipo de siete monitores nativos y espa\u00f1oles que inclu\u00eda clases, proyectos enfocados hacia la ecolog\u00eda, juegos, deporte y salidas por el entorno monta\u00f1oso que rodea el albergue,realizando por ejemplo senderismo en \u201cAs Foyas\u201d. Adem\u00e1s, visitaron entre otros lugares la cercana cueva de Las G\u00fcixas, espacio protegido de nueve especies de murci\u00e9lagos. <\/span><\/span><\/p>\n<p style=\"text-align: left;\"><span style=\"color: #444455; font-size: 10pt;\">&nbsp;&nbsp;&nbsp;&nbsp;&nbsp;&nbsp;&nbsp;&nbsp;&nbsp;&nbsp;&nbsp; As\u00ed mismo, durante 90 minutos diarios y coordinado por las profesoras responsables de la inmersi\u00f3n,&nbsp; se llev\u00f3 a cabo el proyecto \u201cIES Alhama for a Greener Future\u201d, presentado en la convocatoria del MECD &nbsp;por nuestro centro y que permiti\u00f3 que este grupo de alumnos disfrutase de la inmersi\u00f3n. <\/span><\/p>\n<p style=\"margin: 0cm 0cm 0.0001pt; line-height: 13.7pt; text-align: left; background-image: initial; background-attachment: initial; background-position: initial; background-repeat: initial;\"><span style=\"color: #444455; font-size: 10pt;\">&nbsp;&nbsp;&nbsp;&nbsp;&nbsp;&nbsp;&nbsp;&nbsp;&nbsp; La experiencia ha sido valorada muy positivamente&nbsp; tanto por el alumnado como por el profesorado participante, ya que ha supuesto una magn\u00edfica oportunidad para practicar y aprender ingl\u00e9s, adem\u00e1s de compartir experiencias con alumnos de otro centro en el entorno privilegiado del Pirineo aragon\u00e9s.&nbsp;<\/span><\/p>\n<p style=\"margin: 0cm 0cm 0.0001pt; line-height: 13.7pt; text-align: left; background-image: initial; background-attachment: initial; background-position: initial; background-repeat: initial;\">&nbsp;<\/p>\n<p style=\"margin: 0cm 0cm 0.0001pt; line-height: 13.7pt; text-align: left; background-image: initial; background-attachment: initial; background-position: initial; background-repeat: initial;\"><span style=\"color: #444455;\"><img loading=\"lazy\" class=\" size-full wp-image-578\" style=\"display: block; margin-left: auto; margin-right: auto;\" src=\"https:\/\/iesalhama.educacion.navarra.es\/web1\/wp-content\/uploads\/2015\/10\/Sin%20ttulo.jpg\" alt=\"\" width=\"678\" height=\"908\" \/><\/span><\/p>\n<p style=\"margin: 0cm 0cm 0.0001pt; line-height: 13.7pt; text-align: left; background-image: initial; background-attachment: initial; background-position: initial; background-repeat: initial;\"><span style=\"color: #444455;\"><!--[endif]--><!--[if gte vml 1]><\/o:wrapblock><![endif]--><\/span><\/p>\n","protected":false},"excerpt":{"rendered":"<p>&nbsp;El IES Alhama en la Inmersi\u00f3n de Oto\u00f1o 2015 Un grupo de 25&nbsp; alumnos\/as de 2\u00ba de la ESO del IES Alhama de Corella regresaron el pasado s\u00e1bado 10 de octubre de la Inmersi\u00f3n ling\u00fc\u00edstica de Oto\u00f1o que tuvo lugar en el pueblo oscense de Villan\u00faa. &nbsp;&nbsp;&nbsp;&nbsp;&nbsp;&nbsp;&nbsp;&nbsp;&nbsp;&nbsp;&nbsp; Durante su estancia de seis d\u00edas, los estudiantes [&hellip;]<\/p>\n","protected":false},"author":1,"featured_media":578,"comment_status":"open","ping_status":"open","sticky":false,"template":"","format":"standard","meta":{"_genesis_hide_title":false,"_genesis_hide_breadcrumbs":false,"_genesis_hide_singular_image":false,"_genesis_hide_footer_widgets":false,"_genesis_custom_body_class":"","_genesis_custom_post_class":"","_genesis_layout":""},"categories":[1],"tags":[],"_links":{"self":[{"href":"https:\/\/iesalhama.educacion.navarra.es\/web1\/wp-json\/wp\/v2\/posts\/579"}],"collection":[{"href":"https:\/\/iesalhama.educacion.navarra.es\/web1\/wp-json\/wp\/v2\/posts"}],"about":[{"href":"https:\/\/iesalhama.educacion.navarra.es\/web1\/wp-json\/wp\/v2\/types\/post"}],"author":[{"embeddable":true,"href":"https:\/\/iesalhama.educacion.navarra.es\/web1\/wp-json\/wp\/v2\/users\/1"}],"replies":[{"embeddable":true,"href":"https:\/\/iesalhama.educacion.navarra.es\/web1\/wp-json\/wp\/v2\/comments?post=579"}],"version-history":[{"count":0,"href":"https:\/\/iesalhama.educacion.navarra.es\/web1\/wp-json\/wp\/v2\/posts\/579\/revisions"}],"wp:featuredmedia":[{"embeddable":true,"href":"https:\/\/iesalhama.educacion.navarra.es\/web1\/wp-json\/wp\/v2\/media\/578"}],"wp:attachment":[{"href":"https:\/\/iesalhama.educacion.navarra.es\/web1\/wp-json\/wp\/v2\/media?parent=579"}],"wp:term":[{"taxonomy":"category","embeddable":true,"href":"https:\/\/iesalhama.educacion.navarra.es\/web1\/wp-json\/wp\/v2\/categories?post=579"},{"taxonomy":"post_tag","embeddable":true,"href":"https:\/\/iesalhama.educacion.navarra.es\/web1\/wp-json\/wp\/v2\/tags?post=579"}],"curies":[{"name":"wp","href":"https:\/\/api.w.org\/{rel}","templated":true}]}}