{"id":590,"date":"2015-11-11T10:37:46","date_gmt":"2015-11-11T09:37:46","guid":{"rendered":"https:\/\/iesalhama.educacion.navarra.es\/web1\/blog\/2015\/11\/11\/el-ies-alhama-en-el-festival-opera-prima\/"},"modified":"2015-11-11T10:37:46","modified_gmt":"2015-11-11T09:37:46","slug":"el-ies-alhama-en-el-festival-opera-prima","status":"publish","type":"post","link":"https:\/\/iesalhama.educacion.navarra.es\/web1\/el-ies-alhama-en-el-festival-opera-prima\/","title":{"rendered":"* El IES Alhama en el Festival \u00d3pera Prima de Tudela"},"content":{"rendered":"\n<div style=\"color: #222222; font-family: arial, sans-serif; font-size: 12.8px; line-height: normal; text-align: start; margin-left: 30px;\">\n<div>&nbsp;<\/div>\n<div style=\"text-align: justify;\">Como muchos de vosotros sab\u00e9is, desde el 23 de octubre hasta el 31 Tudela se visti\u00f3 de cine gracias al&nbsp;<span style=\"color: #073763;\"><strong>Festival OPERA PRIMA<\/strong><\/span>. En \u00e9l se dan a conocer y se premian las primeras pel\u00edculas de ficci\u00f3n, tanto de directores consagrados (este a\u00f1o Pedro Olea) como de directores que comienzan en este mundo tan complicado.<\/div>\n<div style=\"text-align: justify;\">&nbsp;<\/div>\n<p> Los alumnos de 2\u00ba de Bachillerato de la optativa LITERATURA UNIVERSAL&nbsp; (<strong><span style=\"color: #073763;\">Jes\u00fas Catal\u00e1n, Karen Gonz\u00e1lez, Susana Jim\u00e9nez, Nerea Mateo, Lorena Mellado y Diana Ram\u00edrez<\/span><\/strong>) hemos&nbsp; participado de lleno en el Festival porque hemos estado en diferentes&nbsp;<span style=\"color: #073763;\"><strong>ruedas de prensa&nbsp;<\/strong><\/span>y hemos conocido y charlado con el jurado (desde \u00darsula Corber\u00f3 a Jos\u00e9 Sacrist\u00e1n, pasando por V\u00edctor Manuel y Ana Bel\u00e9n, entre otros).<\/div>\n<p style=\"text-align: justify; margin-left: 30px;\"><span style=\"color: #222222; font-family: arial, sans-serif; font-size: 12.8px; line-height: normal; text-align: start;\">Si quer\u00e9is conocer bien la experiencia y los premiadados, os invitamos a consultar el blog&nbsp;<\/span><span style=\"color: #0000ff; background-color: #ffffff;\"><a href=\"http:\/\/alhamaalcine.blogspot.com.es\/\"><span style=\"font-family: arial, sans-serif; font-size: 12.8px; line-height: normal; text-align: start; color: #0000ff; background-color: #ffffff;\"><strong>Alhama al cine<\/strong><\/span><\/a><\/span><span style=\"color: #222222; font-family: arial, sans-serif; font-size: 12.8px; line-height: normal; text-align: start;\">. All\u00ed ten\u00e9is las entradas, las entrevistas, las fotos&#8230; Y pod\u00e9is a\u00f1adir comentarios. Los leeremos con mucho inter\u00e9s. Gracias<\/span>&nbsp;<\/p>\n","protected":false},"excerpt":{"rendered":"<p>&nbsp; Como muchos de vosotros sab\u00e9is, desde el 23 de octubre hasta el 31 Tudela se visti\u00f3 de cine gracias al&nbsp;Festival OPERA PRIMA. En \u00e9l se dan a conocer y se premian las primeras pel\u00edculas de ficci\u00f3n, tanto de directores consagrados (este a\u00f1o Pedro Olea) como de directores que comienzan en este mundo tan complicado. [&hellip;]<\/p>\n","protected":false},"author":1,"featured_media":0,"comment_status":"open","ping_status":"open","sticky":false,"template":"","format":"standard","meta":{"_genesis_hide_title":false,"_genesis_hide_breadcrumbs":false,"_genesis_hide_singular_image":false,"_genesis_hide_footer_widgets":false,"_genesis_custom_body_class":"","_genesis_custom_post_class":"","_genesis_layout":""},"categories":[1],"tags":[],"_links":{"self":[{"href":"https:\/\/iesalhama.educacion.navarra.es\/web1\/wp-json\/wp\/v2\/posts\/590"}],"collection":[{"href":"https:\/\/iesalhama.educacion.navarra.es\/web1\/wp-json\/wp\/v2\/posts"}],"about":[{"href":"https:\/\/iesalhama.educacion.navarra.es\/web1\/wp-json\/wp\/v2\/types\/post"}],"author":[{"embeddable":true,"href":"https:\/\/iesalhama.educacion.navarra.es\/web1\/wp-json\/wp\/v2\/users\/1"}],"replies":[{"embeddable":true,"href":"https:\/\/iesalhama.educacion.navarra.es\/web1\/wp-json\/wp\/v2\/comments?post=590"}],"version-history":[{"count":0,"href":"https:\/\/iesalhama.educacion.navarra.es\/web1\/wp-json\/wp\/v2\/posts\/590\/revisions"}],"wp:attachment":[{"href":"https:\/\/iesalhama.educacion.navarra.es\/web1\/wp-json\/wp\/v2\/media?parent=590"}],"wp:term":[{"taxonomy":"category","embeddable":true,"href":"https:\/\/iesalhama.educacion.navarra.es\/web1\/wp-json\/wp\/v2\/categories?post=590"},{"taxonomy":"post_tag","embeddable":true,"href":"https:\/\/iesalhama.educacion.navarra.es\/web1\/wp-json\/wp\/v2\/tags?post=590"}],"curies":[{"name":"wp","href":"https:\/\/api.w.org\/{rel}","templated":true}]}}