{"id":599,"date":"2016-01-13T10:43:38","date_gmt":"2016-01-13T09:43:38","guid":{"rendered":"https:\/\/iesalhama.educacion.navarra.es\/web1\/blog\/2016\/01\/13\/becasgrankling2016\/"},"modified":"2016-01-13T10:43:38","modified_gmt":"2016-01-13T09:43:38","slug":"becasgrankling2016","status":"publish","type":"post","link":"https:\/\/iesalhama.educacion.navarra.es\/web1\/becasgrankling2016\/","title":{"rendered":"* Becas Instituto de Verano Benjamin Franklin en EEUU, para j\u00f3venes de 16 a 18 a\u00f1os."},"content":{"rendered":"\n<p style=\"margin: 0cm 0cm 0.0001pt; text-align: center;\" align=\"center\"><strong><span style=\"font-size: 14pt; font-family: Arial, sans-serif; border: 1pt none windowtext; padding: 0cm;\">CONVOCATORIA DE UNA BECA PARA PARTICIPAR EN EL<\/span><\/strong><\/p>\n<p style=\"margin: 0cm 0cm 0.0001pt; text-align: center;\" align=\"center\"><strong><span><span style=\"font-size: 14pt; font-family: Arial, sans-serif; color: #c00000; border: 1pt none windowtext; padding: 0cm;\">INSTITUTO DE VERANO BENJAMIN FRANKLIN 2016<\/span><\/span><\/strong><\/p>\n<p style=\"margin: 0cm 0cm 0.0001pt; text-align: center;\" align=\"center\"><strong><span><span style=\"font-size: 14pt; font-family: Arial, sans-serif; border: 1pt none windowtext; padding: 0cm;\">EN LOS ESTADOS UNIDOS DE AM\u00c9RICA PARA J\u00d3VENES ENTRE 16 Y 18 A\u00d1OS<\/span><\/span><\/strong><\/p>\n<p style=\"text-align: left;\"><span style=\"font-size: 12pt; font-family: arial, helvetica, sans-serif;\">La Embajada de los Estados Unidos en Espa\u00f1a selecciona un estudiante espa\u00f1ol, andorrano o residente en Espa\u00f1a o Andorra, para participaren el <strong>Instituto de Verano <\/strong><a href=\"http:\/\/exchanges.state.gov\/non-us\/program\/benjamin-franklin-summer-institutes\"><strong>Benjamin Franklin<\/strong><\/a><strong>, <\/strong>un programa financiado por el Departamento de Estado de los Estados Unidos para promover las relaciones entre las j\u00f3venes generaciones de europeos, asi\u00e1ticos y norteamericanos.&nbsp; <\/span><\/p>\n<p style=\"text-align: left;\"><span style=\"font-size: 12pt; font-family: arial, helvetica, sans-serif;\"><span style=\"line-height: 115%;\">El estudiante <\/span><span style=\"line-height: 115%;\">seleccionado participar\u00e1 en un programa intensivo enfocado en los asuntos globales a los que se enfrentan los j\u00f3venes a ambos lados del Atl\u00e1ntico.&nbsp; El Instituto tendr\u00e1 lugar en una universidad norteamericana a\u00fan por determinar desde finales de junio a finales de julio de 2016 y reunir\u00e1 a 45estudiantes de distintos pa\u00edses de Europa y Asia Central con 10 estudiantes norteamericanos.&nbsp; Los participantes llevar\u00e1n a cabo una gran variedad de actividades: seminarios, programas de servicio comunitario y voluntariado, viajes de estudio y eventos culturales.&nbsp; El programa acad\u00e9mico estar\u00e1 centrado en un tema espec\u00edfico, como <i>Resoluci\u00f3n de Conflictos<\/i>, <i>Emprendimiento Social<\/i> o&nbsp; <i>Protecci\u00f3n del Medio-Ambiente<\/i>.<\/span><\/span><\/p>\n<p style=\"text-align: left;\"><span style=\"font-size: 12pt; font-family: arial, helvetica, sans-serif;\"><span style=\"line-height: 115%;\">M\u00e1s informaci\u00f3n en el siguiente enlace:<\/span><\/span><\/p>\n<p style=\"text-align: left;\"><span style=\"font-size: 12pt; font-family: arial, helvetica, sans-serif;\"><span style=\"line-height: 115%;\"><a href=\"http:\/\/www.educacion.navarra.es\/web\/dpto\/-\/becas-instituto-de-verano-benjamin-franklin-en-eeuu-para-jovenes-de-16-a-18-anos-\">http:\/\/www.educacion.navarra.es\/web\/dpto\/-\/becas-instituto-de-verano-benjamin-franklin-en-eeuu-para-jovenes-de-16-a-18-anos-<\/a><\/span><\/span><\/p>\n<p style=\"text-align: left;\">&nbsp;<\/p>\n<p style=\"text-align: left;\"><span style=\"font-size: 12pt; font-family: arial, helvetica, sans-serif;\"><span style=\"line-height: 115%;\">&nbsp;<\/span><\/span><\/p>\n","protected":false},"excerpt":{"rendered":"<p>CONVOCATORIA DE UNA BECA PARA PARTICIPAR EN EL INSTITUTO DE VERANO BENJAMIN FRANKLIN 2016 EN LOS ESTADOS UNIDOS DE AM\u00c9RICA PARA J\u00d3VENES ENTRE 16 Y 18 A\u00d1OS La Embajada de los Estados Unidos en Espa\u00f1a selecciona un estudiante espa\u00f1ol, andorrano o residente en Espa\u00f1a o Andorra, para participaren el Instituto de Verano Benjamin Franklin, un [&hellip;]<\/p>\n","protected":false},"author":1,"featured_media":0,"comment_status":"open","ping_status":"open","sticky":false,"template":"","format":"standard","meta":{"_genesis_hide_title":false,"_genesis_hide_breadcrumbs":false,"_genesis_hide_singular_image":false,"_genesis_hide_footer_widgets":false,"_genesis_custom_body_class":"","_genesis_custom_post_class":"","_genesis_layout":""},"categories":[1],"tags":[],"_links":{"self":[{"href":"https:\/\/iesalhama.educacion.navarra.es\/web1\/wp-json\/wp\/v2\/posts\/599"}],"collection":[{"href":"https:\/\/iesalhama.educacion.navarra.es\/web1\/wp-json\/wp\/v2\/posts"}],"about":[{"href":"https:\/\/iesalhama.educacion.navarra.es\/web1\/wp-json\/wp\/v2\/types\/post"}],"author":[{"embeddable":true,"href":"https:\/\/iesalhama.educacion.navarra.es\/web1\/wp-json\/wp\/v2\/users\/1"}],"replies":[{"embeddable":true,"href":"https:\/\/iesalhama.educacion.navarra.es\/web1\/wp-json\/wp\/v2\/comments?post=599"}],"version-history":[{"count":0,"href":"https:\/\/iesalhama.educacion.navarra.es\/web1\/wp-json\/wp\/v2\/posts\/599\/revisions"}],"wp:attachment":[{"href":"https:\/\/iesalhama.educacion.navarra.es\/web1\/wp-json\/wp\/v2\/media?parent=599"}],"wp:term":[{"taxonomy":"category","embeddable":true,"href":"https:\/\/iesalhama.educacion.navarra.es\/web1\/wp-json\/wp\/v2\/categories?post=599"},{"taxonomy":"post_tag","embeddable":true,"href":"https:\/\/iesalhama.educacion.navarra.es\/web1\/wp-json\/wp\/v2\/tags?post=599"}],"curies":[{"name":"wp","href":"https:\/\/api.w.org\/{rel}","templated":true}]}}