{"id":603,"date":"2016-01-24T20:58:30","date_gmt":"2016-01-24T19:58:30","guid":{"rendered":"https:\/\/iesalhama.educacion.navarra.es\/web1\/blog\/2016\/01\/24\/teatro-en-corella-los-huerfanitos\/"},"modified":"2016-01-24T20:58:30","modified_gmt":"2016-01-24T19:58:30","slug":"teatro-en-corella-los-huerfanitos","status":"publish","type":"post","link":"https:\/\/iesalhama.educacion.navarra.es\/web1\/teatro-en-corella-los-huerfanitos\/","title":{"rendered":"* Teatro en Corella: \u00abLos huerfanitos\u00bb"},"content":{"rendered":"\n<p style=\"text-align: left;\"><span style=\"font-size: 10pt;\"><span style=\"font-family: Arial; color: #222222; background-image: initial; background-attachment: initial; background-position: initial; background-repeat: initial;\">&nbsp;<\/span><\/span><\/p>\n<p style=\"text-align: left;\"><span style=\"font-size: 10pt;\"><span style=\"font-family: Arial; color: #222222; background-image: initial; background-attachment: initial; background-position: initial; background-repeat: initial;\">E<span style=\"font-size: 16px; line-height: 26.6667px; text-align: start;\">l pr\u00f3ximo&nbsp;<\/span><strong style=\"font-size: 16px; line-height: 26.6667px; text-align: start;\"><span style=\"font-size: 16px; color: #800000;\">viernes<\/span>, <\/strong><span style=\"font-size: 12pt;\">d\u00eda 29 de enero a las 21:30 horas<\/span><span style=\"font-size: 16px; line-height: 26.6667px; text-align: start;\">&nbsp;en el&nbsp;<\/span><span style=\"font-size: 16px; line-height: 26.6667px; text-align: left; color: #800000;\"><strong style=\"font-size: 16px;\">Auditorio del Centro Cultural de Corella<\/strong><span style=\"color: #000000;\">, te<\/span><\/span><\/span><\/span><span style=\"font-size: 12pt;\"><span style=\"font-family: Arial; color: #222222; background-image: initial; background-attachment: initial; background-position: initial; background-repeat: initial;\">ndr\u00e1 lugar la representaci\u00f3n de la comedia&nbsp;<\/span><strong>\u201c<span style=\"color: #800000;\">Los huerfanitos<\/span>\u201d<\/strong><span>, a cargo de la&nbsp;<\/span><span style=\"color: #800000;\"><strong><i>Compa\u00f1\u00eda de Teatro Traspasos.<\/i><\/strong><\/span><\/span><\/p>\n<p style=\"text-align: left;\"><span style=\"font-size: 12pt;\"><span style=\"color: #800000;\">&nbsp;<\/span><\/span><\/p>\n<p style=\"text-align: left;\"><span style=\"font-size: 12pt;\">M\u00e1s informaci\u00f3n de la obra en <a href=\"https:\/\/iesalhama.educacion.navarra.es\/web1\/wp-content\/uploads\/2016\/01\/Los-huerfanitos_traspasos.pdf\" target=\"_blank\"><strong><span style=\"color: #0000ff;\">este enlace<\/span><\/strong><\/a>&nbsp;<\/span><\/p>\n","protected":false},"excerpt":{"rendered":"<p>&nbsp; El pr\u00f3ximo&nbsp;viernes, d\u00eda 29 de enero a las 21:30 horas&nbsp;en el&nbsp;Auditorio del Centro Cultural de Corella, tendr\u00e1 lugar la representaci\u00f3n de la comedia&nbsp;\u201cLos huerfanitos\u201d, a cargo de la&nbsp;Compa\u00f1\u00eda de Teatro Traspasos. &nbsp; M\u00e1s informaci\u00f3n de la obra en este enlace&nbsp;<\/p>\n","protected":false},"author":1,"featured_media":0,"comment_status":"open","ping_status":"open","sticky":false,"template":"","format":"standard","meta":{"_genesis_hide_title":false,"_genesis_hide_breadcrumbs":false,"_genesis_hide_singular_image":false,"_genesis_hide_footer_widgets":false,"_genesis_custom_body_class":"","_genesis_custom_post_class":"","_genesis_layout":""},"categories":[1],"tags":[],"_links":{"self":[{"href":"https:\/\/iesalhama.educacion.navarra.es\/web1\/wp-json\/wp\/v2\/posts\/603"}],"collection":[{"href":"https:\/\/iesalhama.educacion.navarra.es\/web1\/wp-json\/wp\/v2\/posts"}],"about":[{"href":"https:\/\/iesalhama.educacion.navarra.es\/web1\/wp-json\/wp\/v2\/types\/post"}],"author":[{"embeddable":true,"href":"https:\/\/iesalhama.educacion.navarra.es\/web1\/wp-json\/wp\/v2\/users\/1"}],"replies":[{"embeddable":true,"href":"https:\/\/iesalhama.educacion.navarra.es\/web1\/wp-json\/wp\/v2\/comments?post=603"}],"version-history":[{"count":0,"href":"https:\/\/iesalhama.educacion.navarra.es\/web1\/wp-json\/wp\/v2\/posts\/603\/revisions"}],"wp:attachment":[{"href":"https:\/\/iesalhama.educacion.navarra.es\/web1\/wp-json\/wp\/v2\/media?parent=603"}],"wp:term":[{"taxonomy":"category","embeddable":true,"href":"https:\/\/iesalhama.educacion.navarra.es\/web1\/wp-json\/wp\/v2\/categories?post=603"},{"taxonomy":"post_tag","embeddable":true,"href":"https:\/\/iesalhama.educacion.navarra.es\/web1\/wp-json\/wp\/v2\/tags?post=603"}],"curies":[{"name":"wp","href":"https:\/\/api.w.org\/{rel}","templated":true}]}}