{"id":606,"date":"2016-01-27T11:15:50","date_gmt":"2016-01-27T10:15:50","guid":{"rendered":"https:\/\/iesalhama.educacion.navarra.es\/web1\/blog\/2016\/01\/27\/eduardo-perez-presenta-su-libro-la-recoleccion-del-azafran\/"},"modified":"2016-01-27T11:15:50","modified_gmt":"2016-01-27T10:15:50","slug":"eduardo-perez-presenta-su-libro-la-recoleccion-del-azafran","status":"publish","type":"post","link":"https:\/\/iesalhama.educacion.navarra.es\/web1\/eduardo-perez-presenta-su-libro-la-recoleccion-del-azafran\/","title":{"rendered":"* Eduardo P\u00e9rez presenta su libro \u201cLa recolecci\u00f3n del azafr\u00e1n\u201d"},"content":{"rendered":"\n<p style=\"text-align: justify; margin-left: 30px;\"><span style=\"font-family: Calibri, sans-serif; font-size: 12pt;\"><span style=\"text-decoration: underline; color: #800000;\"><strong>El lunes 15 de febrero, a las 19:30 horas en la Fundaci\u00f3n Mar\u00eda Forcada (Casa del Almirante) C\/ Rua 13 de Tudela<\/strong><\/span>, El profesor del Departamento de Lengua y literatura del IES ALHAMA, &nbsp;<span style=\"color: #800000;\"><strong>Eduardo P\u00e9rez<\/strong><\/span>, presentar\u00e1 su tercer libro de poemas titulado <i><span style=\"color: #800000;\"><strong>\u201cLa Recolecci\u00f3n del Azafr\u00e1n\u201d<\/strong><\/span>, <\/i>que podr\u00e1 ser adquirido, despu\u00e9s de la presentaci\u00f3n.<\/span><\/p>\n<p style=\"text-align: justify; margin-left: 30px;\"><span style=\"font-family: Calibri, sans-serif; font-size: 12pt;\">Esperamos que tenga mucho \u00e9xito en su nueva andadura literaria y os animamos a todos a acompa\u00f1arle en la presentaci\u00f3n.<\/span><\/p>\n<p style=\"text-align: justify; margin-left: 30px;\"><a href=\"https:\/\/iesalhama.educacion.navarra.es\/web1\/wp-content\/uploads\/2016\/01\/cartel_Eduardo.pdf\" target=\"_blank\"><strong><span style=\"font-family: Calibri, sans-serif; font-size: 12pt; color: #0000ff;\">Enlace del cartel anunciador&nbsp;<\/span><\/strong><\/a><\/p>\n<p>&nbsp;<\/p>\n","protected":false},"excerpt":{"rendered":"<p>El lunes 15 de febrero, a las 19:30 horas en la Fundaci\u00f3n Mar\u00eda Forcada (Casa del Almirante) C\/ Rua 13 de Tudela, El profesor del Departamento de Lengua y literatura del IES ALHAMA, &nbsp;Eduardo P\u00e9rez, presentar\u00e1 su tercer libro de poemas titulado \u201cLa Recolecci\u00f3n del Azafr\u00e1n\u201d, que podr\u00e1 ser adquirido, despu\u00e9s de la presentaci\u00f3n. Esperamos [&hellip;]<\/p>\n","protected":false},"author":1,"featured_media":0,"comment_status":"open","ping_status":"open","sticky":false,"template":"","format":"standard","meta":{"_genesis_hide_title":false,"_genesis_hide_breadcrumbs":false,"_genesis_hide_singular_image":false,"_genesis_hide_footer_widgets":false,"_genesis_custom_body_class":"","_genesis_custom_post_class":"","_genesis_layout":""},"categories":[1],"tags":[],"_links":{"self":[{"href":"https:\/\/iesalhama.educacion.navarra.es\/web1\/wp-json\/wp\/v2\/posts\/606"}],"collection":[{"href":"https:\/\/iesalhama.educacion.navarra.es\/web1\/wp-json\/wp\/v2\/posts"}],"about":[{"href":"https:\/\/iesalhama.educacion.navarra.es\/web1\/wp-json\/wp\/v2\/types\/post"}],"author":[{"embeddable":true,"href":"https:\/\/iesalhama.educacion.navarra.es\/web1\/wp-json\/wp\/v2\/users\/1"}],"replies":[{"embeddable":true,"href":"https:\/\/iesalhama.educacion.navarra.es\/web1\/wp-json\/wp\/v2\/comments?post=606"}],"version-history":[{"count":0,"href":"https:\/\/iesalhama.educacion.navarra.es\/web1\/wp-json\/wp\/v2\/posts\/606\/revisions"}],"wp:attachment":[{"href":"https:\/\/iesalhama.educacion.navarra.es\/web1\/wp-json\/wp\/v2\/media?parent=606"}],"wp:term":[{"taxonomy":"category","embeddable":true,"href":"https:\/\/iesalhama.educacion.navarra.es\/web1\/wp-json\/wp\/v2\/categories?post=606"},{"taxonomy":"post_tag","embeddable":true,"href":"https:\/\/iesalhama.educacion.navarra.es\/web1\/wp-json\/wp\/v2\/tags?post=606"}],"curies":[{"name":"wp","href":"https:\/\/api.w.org\/{rel}","templated":true}]}}