{"id":610,"date":"2016-02-10T10:51:51","date_gmt":"2016-02-10T09:51:51","guid":{"rendered":"https:\/\/iesalhama.educacion.navarra.es\/web1\/blog\/2016\/02\/10\/ayudaaluming2016\/"},"modified":"2016-02-10T10:51:51","modified_gmt":"2016-02-10T09:51:51","slug":"ayudaaluming2016","status":"publish","type":"post","link":"https:\/\/iesalhama.educacion.navarra.es\/web1\/ayudaaluming2016\/","title":{"rendered":"* Ayudas para participar en cursos de inmersi\u00f3n en lengua inglesa"},"content":{"rendered":"\n<p style=\"margin-top: 0px; margin-bottom: 0px; color: #222222; font-family: arial, sans-serif; font-size: 12.8px; line-height: normal; text-align: left; background-image: initial; background-repeat: initial;\"><em><span style=\"font-family: arial, helvetica, sans-serif;\"><span style=\"font-size: x-small;\"><span style=\"font-size: 9.5pt;\">&nbsp;<\/span><\/span><\/span><\/em><\/p>\n<p style=\"margin-top: 0px; margin-bottom: 0px; color: #222222; font-family: arial, sans-serif; font-size: 12.8px; line-height: normal; text-align: justify; background-image: initial; background-repeat: initial;\"><span style=\"font-size: 12pt; font-family: arial, helvetica, sans-serif;\">El Ministerio de Educaci\u00f3n, Cultura y Deporte convoca ayudas para asistir a los cursos de inmersi\u00f3n en lengua inglesa de&nbsp;la&nbsp;<strong>Universidad Internacional<\/strong><strong>Men\u00e9ndez Pelayo&nbsp;<\/strong>destinadas tanto a estudiantes como a profesores.<\/span><\/p>\n<p style=\"margin-top: 0px; margin-bottom: 0px; color: #222222; font-family: arial, sans-serif; font-size: 12.8px; line-height: normal; text-align: justify; background-image: initial; background-repeat: initial;\"><span style=\"font-family: arial, helvetica, sans-serif;\">&nbsp;<\/span><\/p>\n<p style=\"margin-top: 0px; margin-bottom: 0px; color: #222222; font-family: arial, sans-serif; font-size: 12.8px; line-height: normal; text-align: justify; background-image: initial; background-repeat: initial;\"><span style=\"font-size: 12pt; font-family: arial, helvetica, sans-serif;\">* <strong>Estudiantes<\/strong>:<\/span><\/p>\n<p style=\"margin-top: 0px; margin-bottom: 0px; color: #222222; font-family: arial, sans-serif; font-size: 12.8px; line-height: normal; text-align: justify; background-image: initial; background-repeat: initial;\"><span style=\"font-family: arial, helvetica, sans-serif;\">&nbsp;<\/span><\/p>\n<p style=\"margin-top: 0px; margin-bottom: 0px; color: #222222; font-family: arial, sans-serif; font-size: 12.8px; line-height: normal; text-align: justify; background-image: initial; background-repeat: initial;\"><span style=\"font-family: arial, helvetica, sans-serif;\"><a style=\"font-family: arial, helvetica, sans-serif; font-size: 12pt;\" href=\"http:\/\/www.pap.minhap.gob.es\/bdnstrans\/GE\/es\/convocatoria\/502371\">http:\/\/www.pap.minhap.gob.es\/bdnstrans\/GE\/es\/convocatoria\/502371<\/a><\/span><\/p>\n<p style=\"margin-top: 0px; margin-bottom: 0px; color: #222222; font-family: arial, sans-serif; font-size: 12.8px; line-height: normal; text-align: justify; background-image: initial; background-repeat: initial;\"><span style=\"font-family: arial, helvetica, sans-serif;\">&nbsp;<\/span><\/p>\n<p style=\"margin-top: 0px; margin-bottom: 0px; color: #222222; font-family: arial, sans-serif; font-size: 12.8px; line-height: normal; text-align: justify; background-image: initial; background-repeat: initial;\"><span style=\"font-size: 12pt; font-family: arial, helvetica, sans-serif;\"><span style=\"color: black; line-height: 19.2px;\"><span style=\"line-height: 22px;\">Se convocan 14.000 ayudas para participar en cursos de inmersi\u00f3n en lengua inglesa organizados por&nbsp;la Universidad Internacional&nbsp;Men\u00e9ndez Pelayo, destinadas a<\/span><\/span><strong style=\"font-size: 12.8px; line-height: 19.2px;\"><span style=\"color: blue;\"><span style=\"line-height: 22px;\">&nbsp;alumnos universitarios, de Ense\u00f1anzas Art\u00edsticas Superiores, Otros Estudios Superiores, FP de Grado Superior y segundo curso de Bachillerato.<\/span><\/span><\/strong><\/span><\/p>\n<p style=\"margin-top: 0px; margin-bottom: 0px; color: #222222; font-family: arial, sans-serif; font-size: 12.8px; line-height: normal; text-align: justify; background-image: initial; background-repeat: initial;\"><span style=\"font-size: 12pt; font-family: arial, helvetica, sans-serif;\"><strong style=\"font-size: 12.8px; line-height: 19.2px;\"><span style=\"color: blue;\"><span style=\"line-height: 22px;\">&nbsp;<\/span><\/span><\/strong><\/span><\/p>\n<p style=\"margin-top: 0px; margin-bottom: 0px; color: #222222; font-family: arial, sans-serif; font-size: 12.8px; line-height: normal; text-align: justify; background-image: initial; background-repeat: initial;\"><span style=\"font-size: 12pt; font-family: arial, helvetica, sans-serif;\"><strong>Caracter\u00edsticas del curso:<\/strong>&nbsp;se trata de un curso residencial semanal, en r\u00e9gimen de internado de cinco d\u00edas de duraci\u00f3n, a elegir entre el 28 de marzo y el 16 de diciembre de 2016, en alguno de los siguientes emplazamientos: Santander, Madrid, A Coru\u00f1a, Cuenca, Valencia, Sevilla, Granada, Tenerife,&nbsp;La L\u00ednea&nbsp;dela Concepci\u00f3n, Barcelona, Arag\u00f3n y Cartagena. El contenido del curso ser\u00e1 exclusivamente oral. Grupos de 5 alumnos.<\/span><\/p>\n<p style=\"margin-top: 0px; margin-bottom: 0px; color: #222222; font-family: arial, sans-serif; font-size: 12.8px; line-height: normal; text-align: justify; background-image: initial; background-repeat: initial;\"><span style=\"font-family: arial, helvetica, sans-serif;\">&nbsp;<\/span><\/p>\n<p style=\"margin-top: 0px; margin-bottom: 0px; color: #222222; font-family: arial, sans-serif; font-size: 12.8px; line-height: normal; text-align: justify; background-image: initial; background-repeat: initial;\"><span style=\"font-size: 12pt; font-family: arial, helvetica, sans-serif;\">*<strong> Maestros y profesores:<\/strong><\/span><\/p>\n<p style=\"margin-top: 0px; margin-bottom: 0px; color: #222222; font-family: arial, sans-serif; font-size: 12.8px; line-height: normal; text-align: justify; background-image: initial; background-repeat: initial;\"><span style=\"font-family: arial, helvetica, sans-serif;\">&nbsp;<\/span><\/p>\n<p style=\"margin-top: 0px; margin-bottom: 0px; color: #222222; font-family: arial, sans-serif; font-size: 12.8px; line-height: normal; text-align: justify; background-image: initial; background-repeat: initial;\"><span style=\"font-family: arial, helvetica, sans-serif;\"><a href=\"%20%20http:\/www.pap.minhap.gob.es\/bdnstrans\/GE\/es\/convocatoria\/502370\"><span style=\"font-size: 12pt;\">&nbsp;&nbsp;http:\/\/www.pap.minhap.gob.es\/bdnstrans\/GE\/es\/convocatoria\/502370<\/span><\/a><\/span><\/p>\n<p style=\"margin-top: 0px; margin-bottom: 0px; color: #222222; font-family: arial, sans-serif; font-size: 12.8px; line-height: normal; text-align: justify; background-image: initial; background-repeat: initial;\"><span style=\"font-family: arial, helvetica, sans-serif;\">&nbsp;<\/span><\/p>\n<p style=\"margin-top: 0px; margin-bottom: 0px; color: #222222; font-family: arial, sans-serif; font-size: 12.8px; line-height: normal; text-align: justify; background-image: initial; background-repeat: initial;\"><span style=\"font-family: arial, helvetica, sans-serif;\"><a id=\"__mce_tmp\" href=\"#\"><span style=\"font-size: 12pt;\">S<span style=\"color: black; line-height: 19.2px;\"><span style=\"line-height: 22px;\">e convocan 1.005 ayudas para participar en cursos de inmersi\u00f3n en lengua inglesa organizados por&nbsp;la Universidad Internacional&nbsp;Men\u00e9ndez Pelayo, destinadas a<\/span><\/span><strong style=\"font-size: 12.8px; line-height: 19.2px;\"><span style=\"color: blue;\"><span style=\"line-height: 22px;\">&nbsp;titulados en Master en Profesorado de Ense\u00f1anza Secundaria Obligatoria y Bachillerato, Formaci\u00f3n Profesional y Ense\u00f1anzas de idiomas y a Maestros.<\/span><\/span><\/strong><\/span><\/a><\/span><\/p>\n<p style=\"margin-top: 0px; margin-bottom: 0px; color: #222222; font-family: arial, sans-serif; font-size: 12.8px; line-height: normal; text-align: justify; background-image: initial; background-repeat: initial;\"><span style=\"font-family: arial, helvetica, sans-serif;\">&nbsp;<\/span><\/p>\n<p style=\"margin-top: 0px; margin-bottom: 0px; color: #222222; font-family: arial, sans-serif; font-size: 12.8px; line-height: normal; text-align: justify; background-image: initial; background-repeat: initial;\"><span style=\"font-size: 12pt; font-family: arial, helvetica, sans-serif;\"><strong>Caracter\u00edsticas del curso:<\/strong>&nbsp;se trata de un curso residencial semanal, en r\u00e9gimen de internado de cinco d\u00edas de duraci\u00f3n, a elegir entre el 04 de abril y el 16 de diciembre de 2016, en alguno de los siguientes emplazamientos: Santander, A Coru\u00f1a, Cuenca, Valencia, Sevilla y Arag\u00f3n. El contenido del curso ser\u00e1 exclusivamente oral. Grupos de 5 alumnos.<\/span><\/p>\n","protected":false},"excerpt":{"rendered":"<p>&nbsp; El Ministerio de Educaci\u00f3n, Cultura y Deporte convoca ayudas para asistir a los cursos de inmersi\u00f3n en lengua inglesa de&nbsp;la&nbsp;Universidad InternacionalMen\u00e9ndez Pelayo&nbsp;destinadas tanto a estudiantes como a profesores. &nbsp; * Estudiantes: &nbsp; http:\/\/www.pap.minhap.gob.es\/bdnstrans\/GE\/es\/convocatoria\/502371 &nbsp; Se convocan 14.000 ayudas para participar en cursos de inmersi\u00f3n en lengua inglesa organizados por&nbsp;la Universidad Internacional&nbsp;Men\u00e9ndez Pelayo, destinadas a&nbsp;alumnos [&hellip;]<\/p>\n","protected":false},"author":1,"featured_media":0,"comment_status":"open","ping_status":"open","sticky":false,"template":"","format":"standard","meta":{"_genesis_hide_title":false,"_genesis_hide_breadcrumbs":false,"_genesis_hide_singular_image":false,"_genesis_hide_footer_widgets":false,"_genesis_custom_body_class":"","_genesis_custom_post_class":"","_genesis_layout":""},"categories":[1],"tags":[],"_links":{"self":[{"href":"https:\/\/iesalhama.educacion.navarra.es\/web1\/wp-json\/wp\/v2\/posts\/610"}],"collection":[{"href":"https:\/\/iesalhama.educacion.navarra.es\/web1\/wp-json\/wp\/v2\/posts"}],"about":[{"href":"https:\/\/iesalhama.educacion.navarra.es\/web1\/wp-json\/wp\/v2\/types\/post"}],"author":[{"embeddable":true,"href":"https:\/\/iesalhama.educacion.navarra.es\/web1\/wp-json\/wp\/v2\/users\/1"}],"replies":[{"embeddable":true,"href":"https:\/\/iesalhama.educacion.navarra.es\/web1\/wp-json\/wp\/v2\/comments?post=610"}],"version-history":[{"count":0,"href":"https:\/\/iesalhama.educacion.navarra.es\/web1\/wp-json\/wp\/v2\/posts\/610\/revisions"}],"wp:attachment":[{"href":"https:\/\/iesalhama.educacion.navarra.es\/web1\/wp-json\/wp\/v2\/media?parent=610"}],"wp:term":[{"taxonomy":"category","embeddable":true,"href":"https:\/\/iesalhama.educacion.navarra.es\/web1\/wp-json\/wp\/v2\/categories?post=610"},{"taxonomy":"post_tag","embeddable":true,"href":"https:\/\/iesalhama.educacion.navarra.es\/web1\/wp-json\/wp\/v2\/tags?post=610"}],"curies":[{"name":"wp","href":"https:\/\/api.w.org\/{rel}","templated":true}]}}