{"id":612,"date":"2016-02-24T10:35:01","date_gmt":"2016-02-24T09:35:01","guid":{"rendered":"https:\/\/iesalhama.educacion.navarra.es\/web1\/blog\/2016\/02\/24\/campus-cientificos-de-verano-programa-2016\/"},"modified":"2016-02-24T10:35:01","modified_gmt":"2016-02-24T09:35:01","slug":"campus-cientificos-de-verano-programa-2016","status":"publish","type":"post","link":"https:\/\/iesalhama.educacion.navarra.es\/web1\/campus-cientificos-de-verano-programa-2016\/","title":{"rendered":"* Campus Cient\u00edficos de Verano \u2013 Programa 2016"},"content":{"rendered":"\n<p style=\"text-align: justify; margin-left: 30px;\"><span style=\"font-size: 15.808px;\">Extracto de la Resoluci\u00f3n de 8 de febrero de 2016, de la Secretar\u00eda de Estado de Educaci\u00f3n, Formaci\u00f3n Profesional y Universidades, por la que se convocan ayudas para participar en el Programa \u00ab<strong style=\"font-size: 15.808px;\">Campus Cient\u00edficos de Verano<\/strong>\u00bb para alumnos de&nbsp;<span style=\"font-size: 15.808px; text-decoration: underline;\">Ense\u00f1anza Secundaria y Bachillerato durante el a\u00f1o 2016<\/span>.<\/span><\/p>\n<p style=\"text-align: justify; margin-left: 30px;\"><strong><span style=\"color: #0000ff;\"><a href=\"https:\/\/www.boe.es\/boe\/dias\/2016\/02\/23\/pdfs\/BOE-B-2016-6241.pdf\"><span style=\"font-size: 15.808px; color: #0000ff;\">M\u00e1s informaci\u00f3n BOE 23 de febrero de 2016<\/span><\/a><\/span><\/strong><\/p>\n","protected":false},"excerpt":{"rendered":"<p>Extracto de la Resoluci\u00f3n de 8 de febrero de 2016, de la Secretar\u00eda de Estado de Educaci\u00f3n, Formaci\u00f3n Profesional y Universidades, por la que se convocan ayudas para participar en el Programa \u00abCampus Cient\u00edficos de Verano\u00bb para alumnos de&nbsp;Ense\u00f1anza Secundaria y Bachillerato durante el a\u00f1o 2016. M\u00e1s informaci\u00f3n BOE 23 de febrero de 2016<\/p>\n","protected":false},"author":1,"featured_media":0,"comment_status":"open","ping_status":"open","sticky":false,"template":"","format":"standard","meta":{"_genesis_hide_title":false,"_genesis_hide_breadcrumbs":false,"_genesis_hide_singular_image":false,"_genesis_hide_footer_widgets":false,"_genesis_custom_body_class":"","_genesis_custom_post_class":"","_genesis_layout":""},"categories":[1],"tags":[],"_links":{"self":[{"href":"https:\/\/iesalhama.educacion.navarra.es\/web1\/wp-json\/wp\/v2\/posts\/612"}],"collection":[{"href":"https:\/\/iesalhama.educacion.navarra.es\/web1\/wp-json\/wp\/v2\/posts"}],"about":[{"href":"https:\/\/iesalhama.educacion.navarra.es\/web1\/wp-json\/wp\/v2\/types\/post"}],"author":[{"embeddable":true,"href":"https:\/\/iesalhama.educacion.navarra.es\/web1\/wp-json\/wp\/v2\/users\/1"}],"replies":[{"embeddable":true,"href":"https:\/\/iesalhama.educacion.navarra.es\/web1\/wp-json\/wp\/v2\/comments?post=612"}],"version-history":[{"count":0,"href":"https:\/\/iesalhama.educacion.navarra.es\/web1\/wp-json\/wp\/v2\/posts\/612\/revisions"}],"wp:attachment":[{"href":"https:\/\/iesalhama.educacion.navarra.es\/web1\/wp-json\/wp\/v2\/media?parent=612"}],"wp:term":[{"taxonomy":"category","embeddable":true,"href":"https:\/\/iesalhama.educacion.navarra.es\/web1\/wp-json\/wp\/v2\/categories?post=612"},{"taxonomy":"post_tag","embeddable":true,"href":"https:\/\/iesalhama.educacion.navarra.es\/web1\/wp-json\/wp\/v2\/tags?post=612"}],"curies":[{"name":"wp","href":"https:\/\/api.w.org\/{rel}","templated":true}]}}