{"id":619,"date":"2016-03-16T11:00:55","date_gmt":"2016-03-16T10:00:55","guid":{"rendered":"https:\/\/iesalhama.educacion.navarra.es\/web1\/blog\/2016\/03\/16\/2016mediadores\/"},"modified":"2016-03-16T11:00:55","modified_gmt":"2016-03-16T10:00:55","slug":"2016mediadores","status":"publish","type":"post","link":"https:\/\/iesalhama.educacion.navarra.es\/web1\/2016mediadores\/","title":{"rendered":"* Cursillo de formaci\u00f3n de mediadores"},"content":{"rendered":"\n<p style=\"text-align: justify; line-height: 120%;\">Los d\u00edas 16, 18 y 23 de febrero se realiz\u00f3 en el IES Alhama un <strong><span style=\"color: #800000;\">curso de formaci\u00f3n de mediadores<\/span><\/strong>. \u00c1ngel Mill\u00e1n (Ex-orientador del Centro) y Puri Zabalza (Educadora Social del Servicio Social Base de Corella) fueron los encargados de formar a los 15 alumnos y 4 profesores que participaron en la actividad. Todos ellos se incorporan al Equipo de mediaci\u00f3n de nuestro centro.<\/p>\n<p style=\"line-height: 120%; text-align: center;\">\u00a1ENHORABUENA!<\/p>\n<p style=\"text-align: justify; line-height: 120%;\">&nbsp;<\/p>\n<p style=\"text-align: justify; line-height: 120%;\">Relaci\u00f3n del alumnado participante en el cursillo de mediaci\u00f3n:<\/p>\n<p style=\"text-align: justify; line-height: 120%;\">&nbsp;<\/p>\n<p style=\"text-align: justify; line-height: 120%;\">Elisa Carbo (2\u00ba ESO D)&nbsp;&nbsp;&nbsp;&nbsp;&nbsp;&nbsp;&nbsp;&nbsp;&nbsp;&nbsp;&nbsp;&nbsp;&nbsp;&nbsp;&nbsp;&nbsp;&nbsp;&nbsp;&nbsp;&nbsp;&nbsp;&nbsp;&nbsp;&nbsp;&nbsp;&nbsp;&nbsp;&nbsp;&nbsp;&nbsp;&nbsp;&nbsp; Iranzu Ros (3\u00ba ESO A)<\/p>\n<p style=\"text-align: justify; line-height: 120%;\">F\u00e1tima Boutayeb (2\u00ba ESO D)&nbsp;&nbsp;&nbsp;&nbsp;&nbsp;&nbsp;&nbsp;&nbsp;&nbsp;&nbsp;&nbsp;&nbsp;&nbsp;&nbsp;&nbsp;&nbsp;&nbsp;&nbsp;&nbsp;&nbsp;&nbsp;&nbsp;&nbsp;&nbsp;Amaia Bienzobas (3\u00ba ESO A)<\/p>\n<p style=\"text-align: justify; line-height: 120%;\">Sebasti\u00e1n Zapata (2\u00ba ESO D)&nbsp;&nbsp;&nbsp;&nbsp;&nbsp;&nbsp;&nbsp;&nbsp;&nbsp;&nbsp;&nbsp;&nbsp;&nbsp;&nbsp;&nbsp;&nbsp;&nbsp;&nbsp;&nbsp;&nbsp;&nbsp;&nbsp;&nbsp;Estela Garrote (3\u00ba ESO A)<\/p>\n<p style=\"text-align: justify; line-height: 120%;\">Ghizlane Mejnoun (2\u00ba ESO D)&nbsp;&nbsp;&nbsp;&nbsp;&nbsp;&nbsp;&nbsp;&nbsp;&nbsp;&nbsp;&nbsp;&nbsp;&nbsp;&nbsp;&nbsp;&nbsp;&nbsp;&nbsp;&nbsp;&nbsp;&nbsp; Joshelyn Maribel Padilla (3\u00ba ESO B)<\/p>\n<p style=\"text-align: justify; line-height: 120%;\">Marco Valent\u00edn Ion (2\u00ba ESO D)&nbsp;&nbsp;&nbsp;&nbsp;&nbsp;&nbsp;&nbsp;&nbsp;&nbsp;&nbsp;&nbsp;&nbsp;&nbsp;&nbsp;&nbsp;&nbsp;&nbsp;&nbsp;&nbsp;&nbsp; &nbsp;Alessandro Ram\u00edrez (3\u00ba ESO B)<\/p>\n<p style=\"text-align: justify; line-height: 120%;\">Christian Carbonell (2\u00ba ESO D)&nbsp;&nbsp;&nbsp;&nbsp;&nbsp;&nbsp;&nbsp;&nbsp;&nbsp;&nbsp;&nbsp;&nbsp;&nbsp;&nbsp;&nbsp;&nbsp;&nbsp;&nbsp;&nbsp; Daniela Mu\u00f1oz (3\u00ba ESO B)<\/p>\n<p style=\"text-align: justify; line-height: 120%;\">Daniela Garc\u00eda (2\u00ba ESO D)&nbsp;&nbsp;&nbsp;&nbsp;&nbsp;&nbsp;&nbsp;&nbsp;&nbsp;&nbsp;&nbsp;&nbsp;&nbsp;&nbsp;&nbsp;&nbsp;&nbsp;&nbsp;&nbsp;&nbsp;&nbsp;&nbsp;&nbsp;&nbsp;&nbsp;&nbsp; &nbsp;&nbsp;Paula Andrea Bland\u00f3n (3\u00ba ESO B)<\/p>\n<p style=\"text-align: justify; line-height: 120%;\">Miguel Ayuso (4\u00ba ESO B)<\/p>\n<p style=\"text-align: justify; line-height: 120%;\">&nbsp;<\/p>\n<p style=\"text-align: justify; line-height: 120%;\">Relaci\u00f3n del profesorado participante en el cursillo de mediaci\u00f3n:<\/p>\n<p style=\"text-align: justify; line-height: 120%;\">&nbsp;<\/p>\n<p style=\"line-height: 120%; text-align: left;\">Ana Rosa Mart\u00edn (Dpto de Lengua) &nbsp;&nbsp;&nbsp;&nbsp;&nbsp;&nbsp;&nbsp;&nbsp;&nbsp;&nbsp;&nbsp; \u00cd\u00f1igo Garballo(Dpto de M\u00fasica)<\/p>\n<p style=\"line-height: 120%; text-align: left;\">Ainhoa Navarro (Dpto de Matem\u00e1ticas)&nbsp;&nbsp;&nbsp;&nbsp;&nbsp;&nbsp; Loly Serrano (Dpto de Franc\u00e9s)<\/p>\n<p style=\"line-height: 120%; text-align: left;\">&nbsp;<\/p>\n<p style=\"line-height: 120%; text-align: left;\">&nbsp;<\/p>\n<p style=\"line-height: 120%;\"><img loading=\"lazy\" class=\" size-full wp-image-618\" style=\"display: block; margin-left: auto; margin-right: auto;\" src=\"https:\/\/iesalhama.educacion.navarra.es\/web1\/wp-content\/uploads\/2016\/03\/IMG_0062.jpg\" alt=\"\" width=\"586\" height=\"437\" srcset=\"https:\/\/iesalhama.educacion.navarra.es\/web1\/wp-content\/uploads\/2016\/03\/IMG_0062.jpg 2592w, https:\/\/iesalhama.educacion.navarra.es\/web1\/wp-content\/uploads\/2016\/03\/IMG_0062-300x224.jpg 300w, https:\/\/iesalhama.educacion.navarra.es\/web1\/wp-content\/uploads\/2016\/03\/IMG_0062-768x574.jpg 768w, https:\/\/iesalhama.educacion.navarra.es\/web1\/wp-content\/uploads\/2016\/03\/IMG_0062-1024x765.jpg 1024w\" sizes=\"(max-width: 586px) 100vw, 586px\" \/><\/p>\n<p>&nbsp;<\/p>\n","protected":false},"excerpt":{"rendered":"<p>Los d\u00edas 16, 18 y 23 de febrero se realiz\u00f3 en el IES Alhama un curso de formaci\u00f3n de mediadores. \u00c1ngel Mill\u00e1n (Ex-orientador del Centro) y Puri Zabalza (Educadora Social del Servicio Social Base de Corella) fueron los encargados de formar a los 15 alumnos y 4 profesores que participaron en la actividad. Todos ellos [&hellip;]<\/p>\n","protected":false},"author":1,"featured_media":618,"comment_status":"open","ping_status":"open","sticky":false,"template":"","format":"standard","meta":{"_genesis_hide_title":false,"_genesis_hide_breadcrumbs":false,"_genesis_hide_singular_image":false,"_genesis_hide_footer_widgets":false,"_genesis_custom_body_class":"","_genesis_custom_post_class":"","_genesis_layout":""},"categories":[1],"tags":[],"_links":{"self":[{"href":"https:\/\/iesalhama.educacion.navarra.es\/web1\/wp-json\/wp\/v2\/posts\/619"}],"collection":[{"href":"https:\/\/iesalhama.educacion.navarra.es\/web1\/wp-json\/wp\/v2\/posts"}],"about":[{"href":"https:\/\/iesalhama.educacion.navarra.es\/web1\/wp-json\/wp\/v2\/types\/post"}],"author":[{"embeddable":true,"href":"https:\/\/iesalhama.educacion.navarra.es\/web1\/wp-json\/wp\/v2\/users\/1"}],"replies":[{"embeddable":true,"href":"https:\/\/iesalhama.educacion.navarra.es\/web1\/wp-json\/wp\/v2\/comments?post=619"}],"version-history":[{"count":0,"href":"https:\/\/iesalhama.educacion.navarra.es\/web1\/wp-json\/wp\/v2\/posts\/619\/revisions"}],"wp:featuredmedia":[{"embeddable":true,"href":"https:\/\/iesalhama.educacion.navarra.es\/web1\/wp-json\/wp\/v2\/media\/618"}],"wp:attachment":[{"href":"https:\/\/iesalhama.educacion.navarra.es\/web1\/wp-json\/wp\/v2\/media?parent=619"}],"wp:term":[{"taxonomy":"category","embeddable":true,"href":"https:\/\/iesalhama.educacion.navarra.es\/web1\/wp-json\/wp\/v2\/categories?post=619"},{"taxonomy":"post_tag","embeddable":true,"href":"https:\/\/iesalhama.educacion.navarra.es\/web1\/wp-json\/wp\/v2\/tags?post=619"}],"curies":[{"name":"wp","href":"https:\/\/api.w.org\/{rel}","templated":true}]}}