{"id":621,"date":"2016-03-21T15:13:18","date_gmt":"2016-03-21T14:13:18","guid":{"rendered":"https:\/\/iesalhama.educacion.navarra.es\/web1\/blog\/2016\/03\/21\/ii-marcha-a-alfaro\/"},"modified":"2016-03-21T15:13:18","modified_gmt":"2016-03-21T14:13:18","slug":"ii-marcha-a-alfaro","status":"publish","type":"post","link":"https:\/\/iesalhama.educacion.navarra.es\/web1\/ii-marcha-a-alfaro\/","title":{"rendered":"* II Marcha a Alfaro"},"content":{"rendered":"\n<p style=\"text-align: justify; margin-left: 30px;\"><span style=\"font-size: 12pt;\"><span style=\"color: #222222; font-family: arial, sans-serif; line-height: normal; text-align: start;\">El <strong><span style=\"color: #800000;\">mi\u00e9rcoles 23<\/span><\/strong> de marzo el alumnado de la ESO va a participar en la <strong><span style=\"color: #800000;\">II Marcha a Alfaro<\/span><\/strong>. Saldr\u00e1 desde el IES alhama a las 8:30 de la ma\u00f1ana e ir\u00e1 caminado hasta el Polidieportivo La Molineta de Alfaro. All\u00ed disfrutar\u00e1 de un almuerzo organizado y <strong><span style=\"color: #800000;\">patrocinado por la APYMA<\/span><\/strong>. Despu\u00e9s, podr\u00e1 participar en distintos torneos organizados por el departamento de <strong><span style=\"color: #800000;\">Educaci\u00f3n F\u00edsica<\/span> <\/strong>o bien disfrutar de las instalaciones del citado polideportivo. Adem\u00e1s, tendr\u00e1 lugar un sorteo de tres vales de 12 euros entre todos aquellos que hayan comprado dorsales. A partir de las 13:30 volver\u00e1 en autob\u00fas hasta el centro de forma totalmente gratuita por gentileza de&nbsp;<strong><span style=\"color: #800000;\">ARASA<\/span><\/strong>.<\/span>&nbsp;<\/span><\/p>\n<p style=\"text-align: justify; margin-left: 30px;\"><span style=\"font-size: 12pt;\"><span style=\"color: #222222; font-family: arial, sans-serif; line-height: normal; text-align: start;\">Para ver el programa completo, <a href=\"https:\/\/iesalhama.educacion.navarra.es\/web1\/wp-content\/uploads\/2016\/03\/Profesorado_y_tutores.pdf\" target=\"_blank\"><strong><span style=\"color: #0000ff;\">pincha aqu\u00ed<\/span><\/strong><\/a>.<\/span><\/span><\/p>\n","protected":false},"excerpt":{"rendered":"<p>El mi\u00e9rcoles 23 de marzo el alumnado de la ESO va a participar en la II Marcha a Alfaro. Saldr\u00e1 desde el IES alhama a las 8:30 de la ma\u00f1ana e ir\u00e1 caminado hasta el Polidieportivo La Molineta de Alfaro. All\u00ed disfrutar\u00e1 de un almuerzo organizado y patrocinado por la APYMA. Despu\u00e9s, podr\u00e1 participar en [&hellip;]<\/p>\n","protected":false},"author":1,"featured_media":0,"comment_status":"open","ping_status":"open","sticky":false,"template":"","format":"standard","meta":{"_genesis_hide_title":false,"_genesis_hide_breadcrumbs":false,"_genesis_hide_singular_image":false,"_genesis_hide_footer_widgets":false,"_genesis_custom_body_class":"","_genesis_custom_post_class":"","_genesis_layout":""},"categories":[1],"tags":[],"_links":{"self":[{"href":"https:\/\/iesalhama.educacion.navarra.es\/web1\/wp-json\/wp\/v2\/posts\/621"}],"collection":[{"href":"https:\/\/iesalhama.educacion.navarra.es\/web1\/wp-json\/wp\/v2\/posts"}],"about":[{"href":"https:\/\/iesalhama.educacion.navarra.es\/web1\/wp-json\/wp\/v2\/types\/post"}],"author":[{"embeddable":true,"href":"https:\/\/iesalhama.educacion.navarra.es\/web1\/wp-json\/wp\/v2\/users\/1"}],"replies":[{"embeddable":true,"href":"https:\/\/iesalhama.educacion.navarra.es\/web1\/wp-json\/wp\/v2\/comments?post=621"}],"version-history":[{"count":0,"href":"https:\/\/iesalhama.educacion.navarra.es\/web1\/wp-json\/wp\/v2\/posts\/621\/revisions"}],"wp:attachment":[{"href":"https:\/\/iesalhama.educacion.navarra.es\/web1\/wp-json\/wp\/v2\/media?parent=621"}],"wp:term":[{"taxonomy":"category","embeddable":true,"href":"https:\/\/iesalhama.educacion.navarra.es\/web1\/wp-json\/wp\/v2\/categories?post=621"},{"taxonomy":"post_tag","embeddable":true,"href":"https:\/\/iesalhama.educacion.navarra.es\/web1\/wp-json\/wp\/v2\/tags?post=621"}],"curies":[{"name":"wp","href":"https:\/\/api.w.org\/{rel}","templated":true}]}}