{"id":624,"date":"2016-04-11T07:07:11","date_gmt":"2016-04-11T05:07:11","guid":{"rendered":"https:\/\/iesalhama.educacion.navarra.es\/web1\/blog\/2016\/04\/11\/programa-laboreso-2015-2016\/"},"modified":"2016-04-11T07:07:11","modified_gmt":"2016-04-11T05:07:11","slug":"programa-laboreso-2015-2016","status":"publish","type":"post","link":"https:\/\/iesalhama.educacion.navarra.es\/web1\/programa-laboreso-2015-2016\/","title":{"rendered":"* Programa LaborESO 2015-2016"},"content":{"rendered":"\n<div style=\"border: 1pt solid windowtext; padding: 1pt 4pt;\">\n<p style=\"border-style: none; border-width: initial; padding: 0cm;\" align=\"center\"><strong><span style=\"font-size: 18pt; line-height: 115%; font-family: 'Arial Narrow', sans-serif;\">PROGRAMA LABORESO 2015-2016<\/span><\/strong><\/p>\n<\/p><\/div>\n<p style=\"text-align: justify;\"><span style=\"font-size: 12pt;\">El alumnado de 4\u00ba de Diversificaci\u00f3n Curricular del IES Alhama ha participado, por tercer a\u00f1o consecutivo, en el programa LaborESO, que busca acercar al alumnado de la ESO al entorno laboral a trav\u00e9s de breves estancias en centros de trabajo. As\u00ed, entre el 29 de febrero y el 11 de marzo, ocho estudiantes han hecho pr\u00e1cticas en las siguientes empresas: Auto Cintru\u00e9nigo, Diego sport, Talleres Moreno, Luis Gomara Inform\u00e1tica, Peluquer\u00eda Carmen, Supermercado D\u00eda y Guarder\u00eda Ni\u00f1o Jes\u00fas. Tanto el alumnado como las empresas han quedado muy satisfechos con la experiencia, y unos y otros estar\u00edan encantados de repetir.<\/span><\/p>\n<p><img loading=\"lazy\" class=\" size-full wp-image-623\" style=\"display: block; margin-left: auto; margin-right: auto;\" src=\"https:\/\/iesalhama.educacion.navarra.es\/web1\/wp-content\/uploads\/2016\/04\/Laboreso1516.jpg\" alt=\"Laboreso1516\" width=\"569\" height=\"337\" srcset=\"https:\/\/iesalhama.educacion.navarra.es\/web1\/wp-content\/uploads\/2016\/04\/Laboreso1516.jpg 569w, https:\/\/iesalhama.educacion.navarra.es\/web1\/wp-content\/uploads\/2016\/04\/Laboreso1516-300x178.jpg 300w\" sizes=\"(max-width: 569px) 100vw, 569px\" \/>&nbsp;<\/p>\n","protected":false},"excerpt":{"rendered":"<p>PROGRAMA LABORESO 2015-2016 El alumnado de 4\u00ba de Diversificaci\u00f3n Curricular del IES Alhama ha participado, por tercer a\u00f1o consecutivo, en el programa LaborESO, que busca acercar al alumnado de la ESO al entorno laboral a trav\u00e9s de breves estancias en centros de trabajo. As\u00ed, entre el 29 de febrero y el 11 de marzo, ocho [&hellip;]<\/p>\n","protected":false},"author":1,"featured_media":623,"comment_status":"open","ping_status":"open","sticky":false,"template":"","format":"standard","meta":{"_genesis_hide_title":false,"_genesis_hide_breadcrumbs":false,"_genesis_hide_singular_image":false,"_genesis_hide_footer_widgets":false,"_genesis_custom_body_class":"","_genesis_custom_post_class":"","_genesis_layout":""},"categories":[1],"tags":[],"_links":{"self":[{"href":"https:\/\/iesalhama.educacion.navarra.es\/web1\/wp-json\/wp\/v2\/posts\/624"}],"collection":[{"href":"https:\/\/iesalhama.educacion.navarra.es\/web1\/wp-json\/wp\/v2\/posts"}],"about":[{"href":"https:\/\/iesalhama.educacion.navarra.es\/web1\/wp-json\/wp\/v2\/types\/post"}],"author":[{"embeddable":true,"href":"https:\/\/iesalhama.educacion.navarra.es\/web1\/wp-json\/wp\/v2\/users\/1"}],"replies":[{"embeddable":true,"href":"https:\/\/iesalhama.educacion.navarra.es\/web1\/wp-json\/wp\/v2\/comments?post=624"}],"version-history":[{"count":0,"href":"https:\/\/iesalhama.educacion.navarra.es\/web1\/wp-json\/wp\/v2\/posts\/624\/revisions"}],"wp:featuredmedia":[{"embeddable":true,"href":"https:\/\/iesalhama.educacion.navarra.es\/web1\/wp-json\/wp\/v2\/media\/623"}],"wp:attachment":[{"href":"https:\/\/iesalhama.educacion.navarra.es\/web1\/wp-json\/wp\/v2\/media?parent=624"}],"wp:term":[{"taxonomy":"category","embeddable":true,"href":"https:\/\/iesalhama.educacion.navarra.es\/web1\/wp-json\/wp\/v2\/categories?post=624"},{"taxonomy":"post_tag","embeddable":true,"href":"https:\/\/iesalhama.educacion.navarra.es\/web1\/wp-json\/wp\/v2\/tags?post=624"}],"curies":[{"name":"wp","href":"https:\/\/api.w.org\/{rel}","templated":true}]}}