{"id":628,"date":"2016-04-18T12:17:18","date_gmt":"2016-04-18T10:17:18","guid":{"rendered":"https:\/\/iesalhama.educacion.navarra.es\/web1\/blog\/2016\/04\/18\/semana-de-libro-se-abre-el-telon\/"},"modified":"2016-04-18T12:17:18","modified_gmt":"2016-04-18T10:17:18","slug":"semana-de-libro-se-abre-el-telon","status":"publish","type":"post","link":"https:\/\/iesalhama.educacion.navarra.es\/web1\/semana-de-libro-se-abre-el-telon\/","title":{"rendered":"* Semana de libro: \u00a1se abre el tel\u00f3n!"},"content":{"rendered":"\n<p style=\"margin-bottom: 0.0001pt; text-align: justify; line-height: normal; margin-left: 30px; background-image: initial; background-attachment: initial; background-position: initial; background-repeat: initial;\"><span style=\"font-size: 12pt; font-family: Arial, sans-serif; color: #222222;\">La <span style=\"color: #800000;\"><strong>semana del 18 al 22 de abril<\/strong><\/span>, en el IES Alhama tendr\u00e1 lugar la <strong><span style=\"color: #800000;\">Semana del Libro<\/span><\/strong>, este curso <span style=\"text-decoration: underline;\"><em>dedicada al teatro<\/em><\/span>. En la biblioteca habr\u00e1 una exposici\u00f3n de trabajos relacionados con el tema y realizados por distintos grupos del centro. Por este motivo, la biblioteca permanecer\u00e1 cerrada durante los recreos, y habr\u00e1 actividades para todos los cursos.&nbsp;<\/span><\/p>\n<p style=\"margin-bottom: 0.0001pt; text-align: justify; line-height: normal; margin-left: 30px; background-image: initial; background-attachment: initial; background-position: initial; background-repeat: initial;\">&nbsp;<\/p>\n<p style=\"margin-bottom: 0.0001pt; text-align: justify; line-height: normal; margin-left: 30px; background-image: initial; background-attachment: initial; background-position: initial; background-repeat: initial;\"><span style=\"font-size: 12pt; font-family: Arial, sans-serif; color: #222222;\">Gracias por vuestra colaboraci\u00f3n.<\/span><\/p>\n<p style=\"margin-bottom: 0.0001pt; line-height: normal; margin-left: 30px; text-align: center; background-image: initial; background-attachment: initial; background-position: initial; background-repeat: initial;\"><span style=\"font-size: 12pt; font-family: Arial, sans-serif; color: #222222;\"><span style=\"font-size: 9.5pt; line-height: 115%; font-family: Arial, sans-serif; color: #222222;\">&nbsp;<\/span><\/span><\/p>\n<p style=\"margin-bottom: 0.0001pt; line-height: normal; margin-left: 30px; text-align: center; background-image: initial; background-attachment: initial; background-position: initial; background-repeat: initial;\"><span style=\"font-size: 12pt; font-family: Arial, sans-serif; color: #222222;\"><span style=\"line-height: 115%; font-family: Arial, sans-serif; color: #222222;\">Si quieres tener toda la informaci\u00f3n \u2026. <a href=\"https:\/\/iesalhama.educacion.navarra.es\/web1\/wp-content\/uploads\/2016\/04\/semana_del_libro_2016_todo_2.pdf\"><strong><span style=\"color: #0000ff;\">Enlace al programa<\/span><\/strong><\/a><\/span><\/span><\/p>\n<p>&nbsp;<\/p>\n","protected":false},"excerpt":{"rendered":"<p>La semana del 18 al 22 de abril, en el IES Alhama tendr\u00e1 lugar la Semana del Libro, este curso dedicada al teatro. En la biblioteca habr\u00e1 una exposici\u00f3n de trabajos relacionados con el tema y realizados por distintos grupos del centro. Por este motivo, la biblioteca permanecer\u00e1 cerrada durante los recreos, y habr\u00e1 actividades [&hellip;]<\/p>\n","protected":false},"author":1,"featured_media":0,"comment_status":"open","ping_status":"open","sticky":false,"template":"","format":"standard","meta":{"_genesis_hide_title":false,"_genesis_hide_breadcrumbs":false,"_genesis_hide_singular_image":false,"_genesis_hide_footer_widgets":false,"_genesis_custom_body_class":"","_genesis_custom_post_class":"","_genesis_layout":""},"categories":[1],"tags":[],"_links":{"self":[{"href":"https:\/\/iesalhama.educacion.navarra.es\/web1\/wp-json\/wp\/v2\/posts\/628"}],"collection":[{"href":"https:\/\/iesalhama.educacion.navarra.es\/web1\/wp-json\/wp\/v2\/posts"}],"about":[{"href":"https:\/\/iesalhama.educacion.navarra.es\/web1\/wp-json\/wp\/v2\/types\/post"}],"author":[{"embeddable":true,"href":"https:\/\/iesalhama.educacion.navarra.es\/web1\/wp-json\/wp\/v2\/users\/1"}],"replies":[{"embeddable":true,"href":"https:\/\/iesalhama.educacion.navarra.es\/web1\/wp-json\/wp\/v2\/comments?post=628"}],"version-history":[{"count":0,"href":"https:\/\/iesalhama.educacion.navarra.es\/web1\/wp-json\/wp\/v2\/posts\/628\/revisions"}],"wp:attachment":[{"href":"https:\/\/iesalhama.educacion.navarra.es\/web1\/wp-json\/wp\/v2\/media?parent=628"}],"wp:term":[{"taxonomy":"category","embeddable":true,"href":"https:\/\/iesalhama.educacion.navarra.es\/web1\/wp-json\/wp\/v2\/categories?post=628"},{"taxonomy":"post_tag","embeddable":true,"href":"https:\/\/iesalhama.educacion.navarra.es\/web1\/wp-json\/wp\/v2\/tags?post=628"}],"curies":[{"name":"wp","href":"https:\/\/api.w.org\/{rel}","templated":true}]}}