{"id":633,"date":"2016-05-02T07:44:35","date_gmt":"2016-05-02T05:44:35","guid":{"rendered":"https:\/\/iesalhama.educacion.navarra.es\/web1\/blog\/2016\/05\/02\/web-de-karen-gonzalez-lorena-mellado-y-diana-ramirez\/"},"modified":"2016-05-02T07:44:35","modified_gmt":"2016-05-02T05:44:35","slug":"web-de-karen-gonzalez-lorena-mellado-y-diana-ramirez","status":"publish","type":"post","link":"https:\/\/iesalhama.educacion.navarra.es\/web1\/web-de-karen-gonzalez-lorena-mellado-y-diana-ramirez\/","title":{"rendered":"* Web de Karen Gonz\u00e1lez, Lorena Mellado y Diana Ram\u00edrez"},"content":{"rendered":"\n<p style=\"text-align: left;\"><span style=\"font-size: 12pt;\">&nbsp;Os presentamos u<span style=\"color: #222222; font-family: arial, sans-serif; line-height: normal; text-align: start;\">na p\u00e1gina web que han hecho tres alumnas de la asignatura <strong><span style=\"color: #800000;\">LITERATURA UNIVERSAL<\/span><\/strong> de 2\u00ba bachillerato B (<strong><span style=\"color: #800000;\">Karen Gonz\u00e1lez, Lorena Mellado y Diana Ram\u00edrez<\/span><\/strong>). En este trabajo de investigaci\u00f3n las alumnas quieren dar visibilidad a mujeres destacadas de las primeras d\u00e9cadas del siglo XX por su papel en la ciencia, en la literatura, en las artes&#8230; Y se\u00f1alan el vac\u00edo hist\u00f3rico existente, denunciando que estas no aparecen en los programas acad\u00e9micos frente a lo que ocurre con los hombres. Toman como ejemplo evidente el an\u00e1lisis de la Generaci\u00f3n del 27.&nbsp;<\/span><\/span><\/p>\n<p style=\"text-align: left;\"><span style=\"color: #222222; font-family: arial, sans-serif; font-size: 12pt; line-height: normal; text-align: start;\">La encontrar\u00e9is en <a href=\"http:\/\/donnediforza.wix.com\/mujeres27\" target=\"_blank\"><strong><span style=\"color: #000080;\">este enlace<\/span><\/strong><\/a>&nbsp;<\/span><\/p>\n","protected":false},"excerpt":{"rendered":"<p>&nbsp;Os presentamos una p\u00e1gina web que han hecho tres alumnas de la asignatura LITERATURA UNIVERSAL de 2\u00ba bachillerato B (Karen Gonz\u00e1lez, Lorena Mellado y Diana Ram\u00edrez). En este trabajo de investigaci\u00f3n las alumnas quieren dar visibilidad a mujeres destacadas de las primeras d\u00e9cadas del siglo XX por su papel en la ciencia, en la literatura, [&hellip;]<\/p>\n","protected":false},"author":1,"featured_media":0,"comment_status":"open","ping_status":"open","sticky":false,"template":"","format":"standard","meta":{"_genesis_hide_title":false,"_genesis_hide_breadcrumbs":false,"_genesis_hide_singular_image":false,"_genesis_hide_footer_widgets":false,"_genesis_custom_body_class":"","_genesis_custom_post_class":"","_genesis_layout":""},"categories":[1],"tags":[],"_links":{"self":[{"href":"https:\/\/iesalhama.educacion.navarra.es\/web1\/wp-json\/wp\/v2\/posts\/633"}],"collection":[{"href":"https:\/\/iesalhama.educacion.navarra.es\/web1\/wp-json\/wp\/v2\/posts"}],"about":[{"href":"https:\/\/iesalhama.educacion.navarra.es\/web1\/wp-json\/wp\/v2\/types\/post"}],"author":[{"embeddable":true,"href":"https:\/\/iesalhama.educacion.navarra.es\/web1\/wp-json\/wp\/v2\/users\/1"}],"replies":[{"embeddable":true,"href":"https:\/\/iesalhama.educacion.navarra.es\/web1\/wp-json\/wp\/v2\/comments?post=633"}],"version-history":[{"count":0,"href":"https:\/\/iesalhama.educacion.navarra.es\/web1\/wp-json\/wp\/v2\/posts\/633\/revisions"}],"wp:attachment":[{"href":"https:\/\/iesalhama.educacion.navarra.es\/web1\/wp-json\/wp\/v2\/media?parent=633"}],"wp:term":[{"taxonomy":"category","embeddable":true,"href":"https:\/\/iesalhama.educacion.navarra.es\/web1\/wp-json\/wp\/v2\/categories?post=633"},{"taxonomy":"post_tag","embeddable":true,"href":"https:\/\/iesalhama.educacion.navarra.es\/web1\/wp-json\/wp\/v2\/tags?post=633"}],"curies":[{"name":"wp","href":"https:\/\/api.w.org\/{rel}","templated":true}]}}