{"id":637,"date":"2016-05-17T13:37:05","date_gmt":"2016-05-17T11:37:05","guid":{"rendered":"https:\/\/iesalhama.educacion.navarra.es\/web1\/blog\/2016\/05\/17\/intercambio-con-alumnos-de-saint-paul\/"},"modified":"2016-05-17T13:37:05","modified_gmt":"2016-05-17T11:37:05","slug":"intercambio-con-alumnos-de-saint-paul","status":"publish","type":"post","link":"https:\/\/iesalhama.educacion.navarra.es\/web1\/intercambio-con-alumnos-de-saint-paul\/","title":{"rendered":"* Intercambio con alumnos de Saint Paul"},"content":{"rendered":"\n<p>&nbsp;<\/p>\n<div style=\"color: #222222; font-family: arial, sans-serif; font-size: 12.8px; line-height: normal; text-align: start;\"><span style=\"font-size: 12pt;\">Del 15 al 22 de mayo va a tener lugar en nuestro centro un intercambio con alumnos de <span style=\"color: #000000;\">Saint Paul<\/span>.&nbsp;<\/span><\/div>\n<div style=\"color: #222222; font-family: arial, sans-serif; font-size: 12.8px; line-height: normal; text-align: start;\"><span style=\"font-size: 12pt;\">Durante esta semana, cuatro alumnos de 2\u00ba ESO han viajado hasta esa ciudad francesa para compartir educaci\u00f3n y experiencias con las familias de acogida. Adem\u00e1s y tambi\u00e9n durante esta semana, cuatro alumnos franceses est\u00e1n conviviendo con nosotros acogidos por cuatro familias corellanas.<\/span><\/div>\n<div style=\"color: #222222; font-family: arial, sans-serif; font-size: 12.8px; line-height: normal; text-align: start;\"><span style=\"font-size: 12pt;\">&nbsp;<\/span><\/div>\n<div style=\"color: #222222; font-family: arial, sans-serif; font-size: 12.8px; line-height: normal; text-align: start;\"><span style=\"font-size: 12pt;\"> La semana pr\u00f3xima, de nuevo, cuatro alumnos de 2\u00ba ESO viajar\u00e1n a Saint Paul y cuatro&nbsp;<\/span><span style=\"font-size: 12pt;\">alumnos franceses compartir\u00e1n experiencias con nosotros. Se trata de una forma de intercambio personal que es la primera vez que se pone en marcha en nuestro centro.&nbsp;<\/span><\/div>\n<div style=\"color: #222222; font-family: arial, sans-serif; font-size: 12.8px; line-height: normal; text-align: start;\"><span style=\"font-size: 12pt;\">&nbsp;<\/span><\/div>\n<div style=\"color: #222222; font-family: arial, sans-serif; font-size: 12.8px; line-height: normal; text-align: start;\"><span style=\"font-size: 12pt;\">Por nuestra parte, deseamos a todos una feliz estancia &nbsp;llena de nuevas experiencias tanto educativas como personales.<\/span><\/div>\n","protected":false},"excerpt":{"rendered":"<p>&nbsp; Del 15 al 22 de mayo va a tener lugar en nuestro centro un intercambio con alumnos de Saint Paul.&nbsp; Durante esta semana, cuatro alumnos de 2\u00ba ESO han viajado hasta esa ciudad francesa para compartir educaci\u00f3n y experiencias con las familias de acogida. Adem\u00e1s y tambi\u00e9n durante esta semana, cuatro alumnos franceses est\u00e1n [&hellip;]<\/p>\n","protected":false},"author":1,"featured_media":0,"comment_status":"open","ping_status":"open","sticky":false,"template":"","format":"standard","meta":{"_genesis_hide_title":false,"_genesis_hide_breadcrumbs":false,"_genesis_hide_singular_image":false,"_genesis_hide_footer_widgets":false,"_genesis_custom_body_class":"","_genesis_custom_post_class":"","_genesis_layout":""},"categories":[1],"tags":[],"_links":{"self":[{"href":"https:\/\/iesalhama.educacion.navarra.es\/web1\/wp-json\/wp\/v2\/posts\/637"}],"collection":[{"href":"https:\/\/iesalhama.educacion.navarra.es\/web1\/wp-json\/wp\/v2\/posts"}],"about":[{"href":"https:\/\/iesalhama.educacion.navarra.es\/web1\/wp-json\/wp\/v2\/types\/post"}],"author":[{"embeddable":true,"href":"https:\/\/iesalhama.educacion.navarra.es\/web1\/wp-json\/wp\/v2\/users\/1"}],"replies":[{"embeddable":true,"href":"https:\/\/iesalhama.educacion.navarra.es\/web1\/wp-json\/wp\/v2\/comments?post=637"}],"version-history":[{"count":0,"href":"https:\/\/iesalhama.educacion.navarra.es\/web1\/wp-json\/wp\/v2\/posts\/637\/revisions"}],"wp:attachment":[{"href":"https:\/\/iesalhama.educacion.navarra.es\/web1\/wp-json\/wp\/v2\/media?parent=637"}],"wp:term":[{"taxonomy":"category","embeddable":true,"href":"https:\/\/iesalhama.educacion.navarra.es\/web1\/wp-json\/wp\/v2\/categories?post=637"},{"taxonomy":"post_tag","embeddable":true,"href":"https:\/\/iesalhama.educacion.navarra.es\/web1\/wp-json\/wp\/v2\/tags?post=637"}],"curies":[{"name":"wp","href":"https:\/\/api.w.org\/{rel}","templated":true}]}}