{"id":640,"date":"2016-05-19T11:46:15","date_gmt":"2016-05-19T09:46:15","guid":{"rendered":"https:\/\/iesalhama.educacion.navarra.es\/web1\/blog\/2016\/05\/19\/2016ecolimpicos\/"},"modified":"2016-05-19T11:46:15","modified_gmt":"2016-05-19T09:46:15","slug":"2016ecolimpicos","status":"publish","type":"post","link":"https:\/\/iesalhama.educacion.navarra.es\/web1\/2016ecolimpicos\/","title":{"rendered":"* Octava edici\u00f3n de juegos Ecol\u00edmpicos"},"content":{"rendered":"\n<p><span style=\"font-size: 12.16px; line-height: 1.5;\">&nbsp;<\/span><\/p>\n<p style=\"text-align: left;\"><span style=\"color: #222222; font-family: tahoma, arial, helvetica, sans-serif; font-size: 10pt; line-height: normal; text-align: start;\">Seguro que hab\u00e9is visto a ni\u00f1os de 3-5 a\u00f1os estos d\u00edas por el instituto. Son peques de la Secci\u00f3n de Infantil del Colegio Arrese, que nos visitan nuevamente para disfrutar de los Juegos Ecol\u00edmpicos. Es la octava edici\u00f3n de este evento de colaboraci\u00f3n entre nuestros centros desde 2008. Muchas gracias a todo el alumnado que aporta sus ideas para dise\u00f1ar los juegos, su cooperaci\u00f3n para organizarlos durante las clases y su buen hacer para atender a las criaturas de Infantil. Y, por supuesto, mil gracias al profesorado y alumnado de Infantil.<\/span><\/p>\n<p style=\"text-align: left;\"><span style=\"color: #222222; font-family: tahoma, arial, helvetica, sans-serif; font-size: 10pt; line-height: normal; text-align: start;\">Podeis ver las fotos en la<strong><a href=\"index.php\/fotos\/fotos2014-2016\/category\/109-2016-ecolimpicos\"> galer\u00eda<\/a>.<\/strong><\/span><\/p>\n","protected":false},"excerpt":{"rendered":"<p>&nbsp; Seguro que hab\u00e9is visto a ni\u00f1os de 3-5 a\u00f1os estos d\u00edas por el instituto. Son peques de la Secci\u00f3n de Infantil del Colegio Arrese, que nos visitan nuevamente para disfrutar de los Juegos Ecol\u00edmpicos. Es la octava edici\u00f3n de este evento de colaboraci\u00f3n entre nuestros centros desde 2008. Muchas gracias a todo el alumnado [&hellip;]<\/p>\n","protected":false},"author":1,"featured_media":0,"comment_status":"open","ping_status":"open","sticky":false,"template":"","format":"standard","meta":{"_genesis_hide_title":false,"_genesis_hide_breadcrumbs":false,"_genesis_hide_singular_image":false,"_genesis_hide_footer_widgets":false,"_genesis_custom_body_class":"","_genesis_custom_post_class":"","_genesis_layout":""},"categories":[1],"tags":[],"_links":{"self":[{"href":"https:\/\/iesalhama.educacion.navarra.es\/web1\/wp-json\/wp\/v2\/posts\/640"}],"collection":[{"href":"https:\/\/iesalhama.educacion.navarra.es\/web1\/wp-json\/wp\/v2\/posts"}],"about":[{"href":"https:\/\/iesalhama.educacion.navarra.es\/web1\/wp-json\/wp\/v2\/types\/post"}],"author":[{"embeddable":true,"href":"https:\/\/iesalhama.educacion.navarra.es\/web1\/wp-json\/wp\/v2\/users\/1"}],"replies":[{"embeddable":true,"href":"https:\/\/iesalhama.educacion.navarra.es\/web1\/wp-json\/wp\/v2\/comments?post=640"}],"version-history":[{"count":0,"href":"https:\/\/iesalhama.educacion.navarra.es\/web1\/wp-json\/wp\/v2\/posts\/640\/revisions"}],"wp:attachment":[{"href":"https:\/\/iesalhama.educacion.navarra.es\/web1\/wp-json\/wp\/v2\/media?parent=640"}],"wp:term":[{"taxonomy":"category","embeddable":true,"href":"https:\/\/iesalhama.educacion.navarra.es\/web1\/wp-json\/wp\/v2\/categories?post=640"},{"taxonomy":"post_tag","embeddable":true,"href":"https:\/\/iesalhama.educacion.navarra.es\/web1\/wp-json\/wp\/v2\/tags?post=640"}],"curies":[{"name":"wp","href":"https:\/\/api.w.org\/{rel}","templated":true}]}}