{"id":654,"date":"2016-06-09T08:09:56","date_gmt":"2016-06-09T06:09:56","guid":{"rendered":"https:\/\/iesalhama.educacion.navarra.es\/web1\/blog\/2016\/06\/09\/2016teatro\/"},"modified":"2016-06-09T08:09:56","modified_gmt":"2016-06-09T06:09:56","slug":"2016teatro","status":"publish","type":"post","link":"https:\/\/iesalhama.educacion.navarra.es\/web1\/2016teatro\/","title":{"rendered":"* El grupo teatro \u201cGracurris\u201d del IES Alhama act\u00faa de nuevo"},"content":{"rendered":"\n<p>&nbsp;<\/p>\n<p><span style=\"text-decoration: underline;\"><span style=\"font-size: 12pt; line-height: 115%; font-family: Arial, sans-serif;\">&nbsp;<\/span><\/span><\/p>\n<p style=\"text-align: left;\"><span style=\"font-size: 12pt; line-height: 115%; font-family: Arial, sans-serif;\">El mi\u00e9rcoles, 8 de junio, el grupo de teatro \u201cGracurris\u201d estren\u00f3, con gran \u00e9xito, &nbsp;en el auditorio de la Casa de Cultura de Corella, la obra <i>Se Suspende la Funci\u00f3n,&nbsp; <\/i>del autor zaragozano Fernando Lalana. A esta actuaci\u00f3n acudi\u00f3 el alumnado de 6\u00ba de Primaria del CPEIP Jos\u00e9 Luis de Arrese y Juan de Palafox, despu\u00e9s de visitar nuestro centro IES Alhama.<\/span><\/p>\n<p style=\"text-align: left;\"><span style=\"font-size: 12pt; line-height: 115%; font-family: Arial, sans-serif;\">El viernes, 10 de junio, a las 19:00 horas, en el auditorio de la Sala de Cultura de Corella,&nbsp; el grupo repetir\u00e1&nbsp; representaci\u00f3n, esta vez abierta para todo el p\u00fablico.<\/span><\/p>\n<p style=\"text-align: left;\"><span style=\"font-size: 12pt; line-height: 115%; font-family: Arial, sans-serif;\">Esperamos contar con vuestra presencia.<\/span><\/p>\n<p style=\"text-align: left;\"><span style=\"font-size: 12pt; line-height: 115%; font-family: Arial, sans-serif;\">Si quieres ver <span style=\"font-family: Arial, sans-serif; font-size: 16px; line-height: 18.4px; text-align: left;\">&nbsp;el cartel anunciador<\/span>&nbsp; pincha <a href=\"https:\/\/iesalhama.educacion.navarra.es\/web1\/wp-content\/uploads\/2016\/06\/CARTEL_TEATRO_2015-16_3.pdf\">aqu\u00ed.<\/a><\/span><\/p>\n<p style=\"text-align: left;\"><span style=\"font-size: 12pt; line-height: 115%; font-family: Arial, sans-serif;\">Para ver el programa pincha <a href=\"https:\/\/drive.google.com\/file\/d\/0B4pwRa_3gRVCcktKZWYxTkJqNU0\/view?usp=sharing\">aqu\u00ed.<\/a><\/span><\/p>\n","protected":false},"excerpt":{"rendered":"<p>&nbsp; &nbsp; El mi\u00e9rcoles, 8 de junio, el grupo de teatro \u201cGracurris\u201d estren\u00f3, con gran \u00e9xito, &nbsp;en el auditorio de la Casa de Cultura de Corella, la obra Se Suspende la Funci\u00f3n,&nbsp; del autor zaragozano Fernando Lalana. A esta actuaci\u00f3n acudi\u00f3 el alumnado de 6\u00ba de Primaria del CPEIP Jos\u00e9 Luis de Arrese y Juan [&hellip;]<\/p>\n","protected":false},"author":1,"featured_media":0,"comment_status":"open","ping_status":"open","sticky":false,"template":"","format":"standard","meta":{"_genesis_hide_title":false,"_genesis_hide_breadcrumbs":false,"_genesis_hide_singular_image":false,"_genesis_hide_footer_widgets":false,"_genesis_custom_body_class":"","_genesis_custom_post_class":"","_genesis_layout":""},"categories":[1],"tags":[],"_links":{"self":[{"href":"https:\/\/iesalhama.educacion.navarra.es\/web1\/wp-json\/wp\/v2\/posts\/654"}],"collection":[{"href":"https:\/\/iesalhama.educacion.navarra.es\/web1\/wp-json\/wp\/v2\/posts"}],"about":[{"href":"https:\/\/iesalhama.educacion.navarra.es\/web1\/wp-json\/wp\/v2\/types\/post"}],"author":[{"embeddable":true,"href":"https:\/\/iesalhama.educacion.navarra.es\/web1\/wp-json\/wp\/v2\/users\/1"}],"replies":[{"embeddable":true,"href":"https:\/\/iesalhama.educacion.navarra.es\/web1\/wp-json\/wp\/v2\/comments?post=654"}],"version-history":[{"count":0,"href":"https:\/\/iesalhama.educacion.navarra.es\/web1\/wp-json\/wp\/v2\/posts\/654\/revisions"}],"wp:attachment":[{"href":"https:\/\/iesalhama.educacion.navarra.es\/web1\/wp-json\/wp\/v2\/media?parent=654"}],"wp:term":[{"taxonomy":"category","embeddable":true,"href":"https:\/\/iesalhama.educacion.navarra.es\/web1\/wp-json\/wp\/v2\/categories?post=654"},{"taxonomy":"post_tag","embeddable":true,"href":"https:\/\/iesalhama.educacion.navarra.es\/web1\/wp-json\/wp\/v2\/tags?post=654"}],"curies":[{"name":"wp","href":"https:\/\/api.w.org\/{rel}","templated":true}]}}