{"id":657,"date":"2016-06-15T11:51:52","date_gmt":"2016-06-15T09:51:52","guid":{"rendered":"https:\/\/iesalhama.educacion.navarra.es\/web1\/blog\/2016\/06\/15\/2016premios\/"},"modified":"2016-06-15T11:51:52","modified_gmt":"2016-06-15T09:51:52","slug":"2016premios","status":"publish","type":"post","link":"https:\/\/iesalhama.educacion.navarra.es\/web1\/2016premios\/","title":{"rendered":"* II Gala de Entrega de Premios"},"content":{"rendered":"<div style=\"color: #222222; font-family: arial, sans-serif; font-size: 12.8px; line-height: normal; text-align: left;\"> <!--more--> <\/div>\n<div style=\"color: #222222; font-family: arial, sans-serif; font-size: 12.8px; line-height: normal; text-align: left;\">&nbsp;<\/div>\n<div style=\"color: #222222; font-family: arial, sans-serif; font-size: 12.8px; line-height: normal; text-align: left;\">Ayer d\u00eda 14, en las dos \u00faltimas sesiones de la ma\u00f1ana, tuvo lugar en el auditorio de la Casa de la Cultura, la II Gala de Entrega de Premios del IES Alhama.<\/div>\n<div style=\"color: #222222; font-family: arial, sans-serif; font-size: 12.8px; line-height: normal; text-align: left;\">&nbsp;<\/div>\n<div style=\"color: #222222; font-family: arial, sans-serif; font-size: 12.8px; line-height: normal; text-align: left;\">Tanto los alumnos ganadores de los diversos concursos como los colaboradores en las diferentes actividades realizadas a lo largo del a\u00f1o, tuvieron la oportunidad de subir al escenario del auditorio a recoger su diploma y hacerse una foto con el profesor que les entreg\u00f3 el reconocimiento.<\/div>\n<div style=\"color: #222222; font-family: arial, sans-serif; font-size: 12.8px; line-height: normal; text-align: left;\">&nbsp;<\/div>\n<div style=\"color: #222222; font-family: arial, sans-serif; font-size: 12.8px; line-height: normal; text-align: left;\">Adem\u00e1s, antes de la entrega de los diplomas, se proyect\u00f3 el cortometraje \u00ab365\u00bb realizado por el alumnado de 4\u00ba ESO en la materia de M\u00fasica. Despu\u00e9s de la entrega, se hizo una menci\u00f3n especial a todos aquellos alumnos que han participado en concursos externos al centro, y al alumnado de 4\u00ba D por la realizaci\u00f3n del 2\u00ba n\u00famero de la revista \u00abLa Torre del Alhama\u00bb.<\/div>\n<div style=\"color: #222222; font-family: arial, sans-serif; font-size: 12.8px; line-height: normal; text-align: left;\">&nbsp;<\/div>\n<div style=\"color: #222222; font-family: arial, sans-serif; font-size: 12.8px; line-height: normal; text-align: left;\">Se cerr\u00f3 la gala con la actuaci\u00f3n de la Agrupaci\u00f3n Musical del IES alhama dirigida por el profesor de M\u00fasica \u00cd\u00f1igo Garbayo.&nbsp;<\/div>\n<div style=\"color: #222222; font-family: arial, sans-serif; font-size: 12.8px; line-height: normal; text-align: left;\">&nbsp;<\/div>\n<div style=\"color: #222222; font-family: arial, sans-serif; font-size: 12.8px; line-height: normal; text-align: left;\">Un exitoso final para un intenso curso. \u00a1Muchas gracias a todos\/as por vuestra participaci\u00f3n!<\/div>\n","protected":false},"excerpt":{"rendered":"","protected":false},"author":1,"featured_media":0,"comment_status":"open","ping_status":"open","sticky":false,"template":"","format":"standard","meta":{"_genesis_hide_title":false,"_genesis_hide_breadcrumbs":false,"_genesis_hide_singular_image":false,"_genesis_hide_footer_widgets":false,"_genesis_custom_body_class":"","_genesis_custom_post_class":"","_genesis_layout":""},"categories":[1],"tags":[],"_links":{"self":[{"href":"https:\/\/iesalhama.educacion.navarra.es\/web1\/wp-json\/wp\/v2\/posts\/657"}],"collection":[{"href":"https:\/\/iesalhama.educacion.navarra.es\/web1\/wp-json\/wp\/v2\/posts"}],"about":[{"href":"https:\/\/iesalhama.educacion.navarra.es\/web1\/wp-json\/wp\/v2\/types\/post"}],"author":[{"embeddable":true,"href":"https:\/\/iesalhama.educacion.navarra.es\/web1\/wp-json\/wp\/v2\/users\/1"}],"replies":[{"embeddable":true,"href":"https:\/\/iesalhama.educacion.navarra.es\/web1\/wp-json\/wp\/v2\/comments?post=657"}],"version-history":[{"count":0,"href":"https:\/\/iesalhama.educacion.navarra.es\/web1\/wp-json\/wp\/v2\/posts\/657\/revisions"}],"wp:attachment":[{"href":"https:\/\/iesalhama.educacion.navarra.es\/web1\/wp-json\/wp\/v2\/media?parent=657"}],"wp:term":[{"taxonomy":"category","embeddable":true,"href":"https:\/\/iesalhama.educacion.navarra.es\/web1\/wp-json\/wp\/v2\/categories?post=657"},{"taxonomy":"post_tag","embeddable":true,"href":"https:\/\/iesalhama.educacion.navarra.es\/web1\/wp-json\/wp\/v2\/tags?post=657"}],"curies":[{"name":"wp","href":"https:\/\/api.w.org\/{rel}","templated":true}]}}