{"id":688,"date":"2016-09-20T20:38:33","date_gmt":"2016-09-20T18:38:33","guid":{"rendered":"https:\/\/iesalhama.educacion.navarra.es\/web1\/blog\/2016\/09\/20\/el-ies-alhama-en-el-reto-solidario\/"},"modified":"2016-09-20T20:38:33","modified_gmt":"2016-09-20T18:38:33","slug":"el-ies-alhama-en-el-reto-solidario","status":"publish","type":"post","link":"https:\/\/iesalhama.educacion.navarra.es\/web1\/el-ies-alhama-en-el-reto-solidario\/","title":{"rendered":"* El IES Alhama en el \u00abreto solidario\u00bb"},"content":{"rendered":"\n<p style=\"text-align: left;\"><span style=\"font-size: 10pt; color: #222222; font-family: arial, sans-serif; line-height: normal; text-align: start;\">El pasado viernes 16 de septiembre, El <\/span><span style=\"font-size: 10pt;\"><strong style=\"color: #222222; font-family: arial, sans-serif; line-height: normal; text-align: start;\"><span style=\"color: #800000;\">IES Alhama<\/span><\/strong><\/span><span style=\"font-size: 10pt; color: #222222; font-family: arial, sans-serif; line-height: normal; text-align: start;\"> firm\u00f3 un convenio con el Ayuntamiento y otras asociaciones corellanas para participar en el denominado \u00ab<\/span><span style=\"font-family: arial, sans-serif; line-height: normal; text-align: start; color: #800000; font-size: 10pt;\"><strong>reto solidario<\/strong><\/span><span style=\"font-size: 10pt; color: #222222; font-family: arial, sans-serif; line-height: normal; text-align: start;\">\u00bb promovido por <\/span><span style=\"font-size: 10pt;\"><strong style=\"color: #222222; font-family: arial, sans-serif; line-height: normal; text-align: start;\"><span style=\"color: #800000;\">La Fundaci\u00f3n Diario de Navarra.&nbsp;<\/span><\/strong><\/span><\/p>\n<div style=\"color: #222222; font-family: arial, sans-serif; font-size: 12.8px; line-height: normal; text-align: start;\"><span style=\"font-size: 10pt;\"><strong><span style=\"color: #800000;\">&nbsp;<\/span><\/strong><\/span><\/div>\n<div style=\"color: #222222; font-family: arial, sans-serif; font-size: 12.8px; line-height: normal; text-align: start;\"><span style=\"font-size: 10pt;\">M\u00e1s informaci\u00f3n sobre este reto en:&nbsp;<strong><span style=\"color: #0000ff;\"><a href=\"https:\/\/goo.gl\/OM0TvR\"><span style=\"color: #0000ff;\">https:\/\/goo.gl\/OM0TvR<\/span><\/a><\/span><\/strong><a href=\"https:\/\/goo.gl\/OM0TvR\">&nbsp;<\/a><a href=\"http:\/\/www.diariodenavarra.es\/\"><br \/><\/a><\/span><\/div>\n<div style=\"color: #222222; font-family: arial, sans-serif; font-size: 12.8px; line-height: normal; text-align: start;\"><span style=\"font-size: 10pt;\"><span style=\"color: #444444; font-family: Roboto, Helvetica, Arial, sans-serif; font-size: 13px; line-height: 20.02px; text-align: start;\">&nbsp;<\/span><\/span><\/div>\n<div style=\"color: #222222; font-family: arial, sans-serif; font-size: 12.8px; line-height: normal; text-align: start;\"><span style=\"font-size: 10pt;\">O en la web de la Fundaci\u00f3n Diario de Navarra:&nbsp;<\/span><strong><span style=\"color: #0000ff;\"><a style=\"color: #1155cc;\" href=\"http:\/\/www.fundaciondn.org\/\" target=\"_blank\" data-saferedirecturl=\"https:\/\/www.google.com\/url?hl=es&amp;q=http:\/\/www.fundaciondn.org\/&amp;source=gmail&amp;ust=1474489941409000&amp;usg=AFQjCNEbvXfzxdk49lYgM0vyfXArumfQBw\"><span style=\"color: #0000ff;\">&nbsp;<\/span><\/a><a href=\"http:\/\/www.fundaciondn.org\/\"><span style=\"color: #0000ff;\">http:\/\/www.fundaciondn.org\/<\/span><\/a>.<\/span><\/strong><\/div>\n<div style=\"color: #222222; font-family: arial, sans-serif; font-size: 12.8px; line-height: normal; text-align: start;\">&nbsp;<\/div>\n<div style=\"color: #222222; font-family: arial, sans-serif; font-size: 12.8px; line-height: normal; text-align: start;\">&nbsp;<\/div>\n<div style=\"color: #222222; font-family: arial, sans-serif; font-size: 12.8px; line-height: normal;\"><img loading=\"lazy\" class=\" size-full wp-image-687\" style=\"display: block; margin-left: auto; margin-right: auto;\" src=\"https:\/\/iesalhama.educacion.navarra.es\/web1\/wp-content\/uploads\/2016\/09\/reto_solidario.png\" alt=\"reto solidario\" width=\"500\" height=\"285\" srcset=\"https:\/\/iesalhama.educacion.navarra.es\/web1\/wp-content\/uploads\/2016\/09\/reto_solidario.png 500w, https:\/\/iesalhama.educacion.navarra.es\/web1\/wp-content\/uploads\/2016\/09\/reto_solidario-300x171.png 300w\" sizes=\"(max-width: 500px) 100vw, 500px\" \/><\/div>\n","protected":false},"excerpt":{"rendered":"<p>El pasado viernes 16 de septiembre, El IES Alhama firm\u00f3 un convenio con el Ayuntamiento y otras asociaciones corellanas para participar en el denominado \u00abreto solidario\u00bb promovido por La Fundaci\u00f3n Diario de Navarra.&nbsp; &nbsp; M\u00e1s informaci\u00f3n sobre este reto en:&nbsp;https:\/\/goo.gl\/OM0TvR&nbsp; &nbsp; O en la web de la Fundaci\u00f3n Diario de Navarra:&nbsp;&nbsp;http:\/\/www.fundaciondn.org\/. &nbsp; &nbsp;<\/p>\n","protected":false},"author":1,"featured_media":687,"comment_status":"open","ping_status":"open","sticky":false,"template":"","format":"standard","meta":{"_genesis_hide_title":false,"_genesis_hide_breadcrumbs":false,"_genesis_hide_singular_image":false,"_genesis_hide_footer_widgets":false,"_genesis_custom_body_class":"","_genesis_custom_post_class":"","_genesis_layout":""},"categories":[1],"tags":[],"_links":{"self":[{"href":"https:\/\/iesalhama.educacion.navarra.es\/web1\/wp-json\/wp\/v2\/posts\/688"}],"collection":[{"href":"https:\/\/iesalhama.educacion.navarra.es\/web1\/wp-json\/wp\/v2\/posts"}],"about":[{"href":"https:\/\/iesalhama.educacion.navarra.es\/web1\/wp-json\/wp\/v2\/types\/post"}],"author":[{"embeddable":true,"href":"https:\/\/iesalhama.educacion.navarra.es\/web1\/wp-json\/wp\/v2\/users\/1"}],"replies":[{"embeddable":true,"href":"https:\/\/iesalhama.educacion.navarra.es\/web1\/wp-json\/wp\/v2\/comments?post=688"}],"version-history":[{"count":0,"href":"https:\/\/iesalhama.educacion.navarra.es\/web1\/wp-json\/wp\/v2\/posts\/688\/revisions"}],"wp:featuredmedia":[{"embeddable":true,"href":"https:\/\/iesalhama.educacion.navarra.es\/web1\/wp-json\/wp\/v2\/media\/687"}],"wp:attachment":[{"href":"https:\/\/iesalhama.educacion.navarra.es\/web1\/wp-json\/wp\/v2\/media?parent=688"}],"wp:term":[{"taxonomy":"category","embeddable":true,"href":"https:\/\/iesalhama.educacion.navarra.es\/web1\/wp-json\/wp\/v2\/categories?post=688"},{"taxonomy":"post_tag","embeddable":true,"href":"https:\/\/iesalhama.educacion.navarra.es\/web1\/wp-json\/wp\/v2\/tags?post=688"}],"curies":[{"name":"wp","href":"https:\/\/api.w.org\/{rel}","templated":true}]}}