{"id":689,"date":"2016-09-30T07:59:51","date_gmt":"2016-09-30T05:59:51","guid":{"rendered":"https:\/\/iesalhama.educacion.navarra.es\/web1\/blog\/2016\/09\/30\/uwc-plazas-y-becas-2017-2019\/"},"modified":"2016-09-30T07:59:51","modified_gmt":"2016-09-30T05:59:51","slug":"uwc-plazas-y-becas-2017-2019","status":"publish","type":"post","link":"https:\/\/iesalhama.educacion.navarra.es\/web1\/uwc-plazas-y-becas-2017-2019\/","title":{"rendered":"* UWC &#8211; Plazas y becas 2017 &#8211; 2019"},"content":{"rendered":"<br \/>\n<h1 style=\"color: #222222; font-family: arial, sans-serif; letter-spacing: normal; text-transform: none; text-align: center;\" align=\"center\"><span style=\"font-family: Helvetica, sans-serif; color: #009692;\">Convocatoria de plazas y becas<\/span><\/h1>\n<h1 style=\"color: #222222; font-family: arial, sans-serif; letter-spacing: normal; text-transform: none; text-align: center;\" align=\"center\"><span style=\"font-family: Helvetica, sans-serif; color: #009692;\">Curso 2017 -2019<\/span><\/h1>\n<h1 style=\"color: #222222; font-family: arial, sans-serif; letter-spacing: normal; text-transform: none; text-align: center;\" align=\"center\"><span style=\"font-size: 12pt; font-family: Helvetica, sans-serif; color: #741669;\">Abierta desde el 20 de septiembre hasta el 21 de noviembre de 2016<\/span><\/h1>\n<p style=\"color: #222222; font-family: arial, sans-serif; font-size: 12.8px; text-align: justify; margin-left: 30px;\"><span style=\"font-size: 12pt; font-family: Arial, sans-serif; color: #686868;\">La Fundaci\u00f3n Comit\u00e9 Espa\u00f1ol de los Colegios del Mundo Unido&nbsp;<strong>abre la convocatoria de plazas (con beca total o parcial, o sin beca)&nbsp; para estudiar los dos cursos de Bachillerato Internacional<\/strong>&nbsp;en los centros de esta organizaci\u00f3n.<\/span><\/p>\n<p style=\"text-align: justify; margin-left: 30px;\"><span style=\"font-size: 12pt;\">El n\u00famero de becas convocadas podr\u00e1 variar en funci\u00f3n de los patrocinadores conseguidos al cierre de la convocatoria, que -junto con las aportaciones familiares- permiten que los alumnos espa\u00f1oles puedan ir a los Colegios del Munds Unido.&nbsp;<strong>De la totalidad de las plazas con beca ofertadas, una de ellas se destinar\u00e1, como m\u00ednimo, a un estudiante con discapacidad.<\/strong><\/span><\/p>\n<p style=\"color: #222222; font-family: arial, sans-serif; font-size: 12.8px; text-align: justify; margin-left: 30px;\"><span style=\"font-family: Helvetica, sans-serif;\"><a style=\"color: #1155cc;\" href=\"http:\/\/go.agm1.us\/click\/7010668\/www.colegiosmundounido.es\/?p=xOori6vcLHx88DvTfmtBH3GnmKsmUQY4QTKdod3sB4fAgAVSBqY2CvgRFI36B_Ni72_ctrA-qxfP8lFvNAUQQSObGHhXIkEyV8joZO_UJVG5gr9uTzPqWMDVlDVu2yyyGoRH0cL2MedqAFJh9cEH6zvYSiJbRNwiOKLhTJj9r6RI9xpSY3MSWGg6cQ5dU3oaX60c1z8Z22z9YlCtVFkJItWUZDkcDuRYR2L087MbY8RINCDfqFsdVr4-jGuUc6TQiutPn-KteqfDkF7XPggQWcMjyz_SFqGHckp1a7cmlPxD7_rlafEZL1NCC1_fnuzH\" target=\"_blank\" data-saferedirecturl=\"https:\/\/www.google.com\/url?hl=es&amp;q=http:\/\/go.agm1.us\/click\/7010668\/www.colegiosmundounido.es\/?p%3DxOori6vcLHx88DvTfmtBH3GnmKsmUQY4QTKdod3sB4fAgAVSBqY2CvgRFI36B_Ni72_ctrA-qxfP8lFvNAUQQSObGHhXIkEyV8joZO_UJVG5gr9uTzPqWMDVlDVu2yyyGoRH0cL2MedqAFJh9cEH6zvYSiJbRNwiOKLhTJj9r6RI9xpSY3MSWGg6cQ5dU3oaX60c1z8Z22z9YlCtVFkJItWUZDkcDuRYR2L087MbY8RINCDfqFsdVr4-jGuUc6TQiutPn-KteqfDkF7XPggQWcMjyz_SFqGHckp1a7cmlPxD7_rlafEZL1NCC1_fnuzH&amp;source=gmail&amp;ust=1475308318024000&amp;usg=AFQjCNFjh5Y-6eYJmI0bXsGYC0zJn9U6rQ\">Pincha aqu\u00ed para&nbsp;acceder a la convocatoria.<\/a><\/span><\/p>\n<p>&nbsp;<\/p>\n","protected":false},"excerpt":{"rendered":"<p>Convocatoria de plazas y becas Curso 2017 -2019 Abierta desde el 20 de septiembre hasta el 21 de noviembre de 2016 La Fundaci\u00f3n Comit\u00e9 Espa\u00f1ol de los Colegios del Mundo Unido&nbsp;abre la convocatoria de plazas (con beca total o parcial, o sin beca)&nbsp; para estudiar los dos cursos de Bachillerato Internacional&nbsp;en los centros de esta [&hellip;]<\/p>\n","protected":false},"author":1,"featured_media":0,"comment_status":"open","ping_status":"open","sticky":false,"template":"","format":"standard","meta":{"_genesis_hide_title":false,"_genesis_hide_breadcrumbs":false,"_genesis_hide_singular_image":false,"_genesis_hide_footer_widgets":false,"_genesis_custom_body_class":"","_genesis_custom_post_class":"","_genesis_layout":""},"categories":[1],"tags":[],"_links":{"self":[{"href":"https:\/\/iesalhama.educacion.navarra.es\/web1\/wp-json\/wp\/v2\/posts\/689"}],"collection":[{"href":"https:\/\/iesalhama.educacion.navarra.es\/web1\/wp-json\/wp\/v2\/posts"}],"about":[{"href":"https:\/\/iesalhama.educacion.navarra.es\/web1\/wp-json\/wp\/v2\/types\/post"}],"author":[{"embeddable":true,"href":"https:\/\/iesalhama.educacion.navarra.es\/web1\/wp-json\/wp\/v2\/users\/1"}],"replies":[{"embeddable":true,"href":"https:\/\/iesalhama.educacion.navarra.es\/web1\/wp-json\/wp\/v2\/comments?post=689"}],"version-history":[{"count":0,"href":"https:\/\/iesalhama.educacion.navarra.es\/web1\/wp-json\/wp\/v2\/posts\/689\/revisions"}],"wp:attachment":[{"href":"https:\/\/iesalhama.educacion.navarra.es\/web1\/wp-json\/wp\/v2\/media?parent=689"}],"wp:term":[{"taxonomy":"category","embeddable":true,"href":"https:\/\/iesalhama.educacion.navarra.es\/web1\/wp-json\/wp\/v2\/categories?post=689"},{"taxonomy":"post_tag","embeddable":true,"href":"https:\/\/iesalhama.educacion.navarra.es\/web1\/wp-json\/wp\/v2\/tags?post=689"}],"curies":[{"name":"wp","href":"https:\/\/api.w.org\/{rel}","templated":true}]}}