{"id":704,"date":"2016-11-11T10:07:44","date_gmt":"2016-11-11T09:07:44","guid":{"rendered":"https:\/\/iesalhama.educacion.navarra.es\/web1\/blog\/2016\/11\/11\/charla-analisis-de-la-obra-de-goya\/"},"modified":"2016-11-11T10:07:44","modified_gmt":"2016-11-11T09:07:44","slug":"charla-analisis-de-la-obra-de-goya","status":"publish","type":"post","link":"https:\/\/iesalhama.educacion.navarra.es\/web1\/charla-analisis-de-la-obra-de-goya\/","title":{"rendered":"* Charla: An\u00e1lisis de la obra de Goya"},"content":{"rendered":"\n<p style=\"text-align: left;\">&nbsp;El&nbsp;<span style=\"color: #222222; font-family: arial, sans-serif; font-size: 12.8px; line-height: normal; text-align: start;\">jueves d\u00eda 3, a 6\u00aa hora, el alumnado de 2\u00ba Bachillerato y 4\u00ba ESO B asisti\u00f3 &nbsp;a una ponencia impartida &nbsp;por&nbsp;<\/span><span style=\"color: #222222; font-family: arial, sans-serif; font-size: 12.8px; line-height: normal; text-align: start;\">&nbsp;<strong><span style=\"color: #993300;\">Jos\u00e9 Javier Azanza L\u00f3pe<\/span><span style=\"color: #993300;\">z<\/span><\/strong>, profesor de la C\u00e1tedra de Patrimonio y Arte Navarro de la <strong><span style=\"color: #993300;\">Universidad de Navarra<\/span><\/strong>, sobre la obra de Goya. Nuestro alumnado pudo profundizar en el an\u00e1lisis de la pintura del autor y desarrollar tanto su competencia art\u00edstica como cultural.<\/span><\/p>\n<p style=\"text-align: center;\"><span style=\"color: #222222; font-family: arial, sans-serif; font-size: 12.8px; line-height: normal; text-align: start;\"><img loading=\"lazy\" class=\" size-full wp-image-702\" src=\"https:\/\/iesalhama.educacion.navarra.es\/web1\/wp-content\/uploads\/2016\/11\/fotogoya4.JPG\" alt=\"fotogoya4\" width=\"600\" height=\"450\" srcset=\"https:\/\/iesalhama.educacion.navarra.es\/web1\/wp-content\/uploads\/2016\/11\/fotogoya4.JPG 600w, https:\/\/iesalhama.educacion.navarra.es\/web1\/wp-content\/uploads\/2016\/11\/fotogoya4-300x225.jpg 300w\" sizes=\"(max-width: 600px) 100vw, 600px\" \/><\/span><\/p>\n<p style=\"text-align: center;\"><span style=\"color: #222222; font-family: arial, sans-serif; font-size: 12.8px; line-height: normal; text-align: start;\">&nbsp;<\/span><\/p>\n<p style=\"text-align: center;\"><span style=\"color: #222222; font-family: arial, sans-serif; font-size: 12.8px; line-height: normal; text-align: start;\"><img loading=\"lazy\" class=\" size-full wp-image-703\" src=\"https:\/\/iesalhama.educacion.navarra.es\/web1\/wp-content\/uploads\/2016\/11\/fotogoya3.JPG\" alt=\"fotogoya3\" width=\"650\" height=\"488\" srcset=\"https:\/\/iesalhama.educacion.navarra.es\/web1\/wp-content\/uploads\/2016\/11\/fotogoya3.JPG 650w, https:\/\/iesalhama.educacion.navarra.es\/web1\/wp-content\/uploads\/2016\/11\/fotogoya3-300x225.jpg 300w\" sizes=\"(max-width: 650px) 100vw, 650px\" \/><\/span><\/p>\n","protected":false},"excerpt":{"rendered":"<p>&nbsp;El&nbsp;jueves d\u00eda 3, a 6\u00aa hora, el alumnado de 2\u00ba Bachillerato y 4\u00ba ESO B asisti\u00f3 &nbsp;a una ponencia impartida &nbsp;por&nbsp;&nbsp;Jos\u00e9 Javier Azanza L\u00f3pez, profesor de la C\u00e1tedra de Patrimonio y Arte Navarro de la Universidad de Navarra, sobre la obra de Goya. Nuestro alumnado pudo profundizar en el an\u00e1lisis de la pintura del autor [&hellip;]<\/p>\n","protected":false},"author":1,"featured_media":702,"comment_status":"open","ping_status":"open","sticky":false,"template":"","format":"standard","meta":{"_genesis_hide_title":false,"_genesis_hide_breadcrumbs":false,"_genesis_hide_singular_image":false,"_genesis_hide_footer_widgets":false,"_genesis_custom_body_class":"","_genesis_custom_post_class":"","_genesis_layout":""},"categories":[1],"tags":[],"_links":{"self":[{"href":"https:\/\/iesalhama.educacion.navarra.es\/web1\/wp-json\/wp\/v2\/posts\/704"}],"collection":[{"href":"https:\/\/iesalhama.educacion.navarra.es\/web1\/wp-json\/wp\/v2\/posts"}],"about":[{"href":"https:\/\/iesalhama.educacion.navarra.es\/web1\/wp-json\/wp\/v2\/types\/post"}],"author":[{"embeddable":true,"href":"https:\/\/iesalhama.educacion.navarra.es\/web1\/wp-json\/wp\/v2\/users\/1"}],"replies":[{"embeddable":true,"href":"https:\/\/iesalhama.educacion.navarra.es\/web1\/wp-json\/wp\/v2\/comments?post=704"}],"version-history":[{"count":0,"href":"https:\/\/iesalhama.educacion.navarra.es\/web1\/wp-json\/wp\/v2\/posts\/704\/revisions"}],"wp:featuredmedia":[{"embeddable":true,"href":"https:\/\/iesalhama.educacion.navarra.es\/web1\/wp-json\/wp\/v2\/media\/702"}],"wp:attachment":[{"href":"https:\/\/iesalhama.educacion.navarra.es\/web1\/wp-json\/wp\/v2\/media?parent=704"}],"wp:term":[{"taxonomy":"category","embeddable":true,"href":"https:\/\/iesalhama.educacion.navarra.es\/web1\/wp-json\/wp\/v2\/categories?post=704"},{"taxonomy":"post_tag","embeddable":true,"href":"https:\/\/iesalhama.educacion.navarra.es\/web1\/wp-json\/wp\/v2\/tags?post=704"}],"curies":[{"name":"wp","href":"https:\/\/api.w.org\/{rel}","templated":true}]}}