{"id":706,"date":"2016-11-13T15:02:26","date_gmt":"2016-11-13T14:02:26","guid":{"rendered":"https:\/\/iesalhama.educacion.navarra.es\/web1\/blog\/2016\/11\/13\/presentacion-del-programa-de-mediacion\/"},"modified":"2016-11-13T15:02:26","modified_gmt":"2016-11-13T14:02:26","slug":"presentacion-del-programa-de-mediacion","status":"publish","type":"post","link":"https:\/\/iesalhama.educacion.navarra.es\/web1\/presentacion-del-programa-de-mediacion\/","title":{"rendered":"* Presentaci\u00f3n del Programa de Mediaci\u00f3n"},"content":{"rendered":"\n<p style=\"text-align: left;\">&nbsp;<\/p>\n<p style=\"text-align: justify;\">Durante esta semana, del 6 al 11 de noviembre, los responsables de convivencia, junto con algunos alumnos mediadores, est\u00e1n presentando el programa de mediaci\u00f3n del centro a los alumnos de 1\u00ba ESO, con el objetivo de que conozcan que tienen a su disposici\u00f3n esta herramienta cuando surge alg\u00fan problema.<\/p>\n<p style=\"text-align: justify;\">La finalidad de este programa es resolver conflictos mediante el di\u00e1logo, sin que llegue a intervenir jefatura de estudios teniendo que tomar medidas m\u00e1s dr\u00e1sticas. Es un programa que lleva varios a\u00f1os implantado en el centro con buenos resultados fomentando la convivencia y el di\u00e1logo entre las partes implicadas.<\/p>\n<p style=\"text-align: justify;\">&nbsp;<\/p>\n<p style=\"text-align: center;\"><img loading=\"lazy\" class=\" size-full wp-image-705\" src=\"https:\/\/iesalhama.educacion.navarra.es\/web1\/wp-content\/uploads\/2016\/11\/mediadores.png\" alt=\"mediadores\" width=\"600\" height=\"450\" srcset=\"https:\/\/iesalhama.educacion.navarra.es\/web1\/wp-content\/uploads\/2016\/11\/mediadores.png 600w, https:\/\/iesalhama.educacion.navarra.es\/web1\/wp-content\/uploads\/2016\/11\/mediadores-300x225.png 300w\" sizes=\"(max-width: 600px) 100vw, 600px\" \/><\/p>\n","protected":false},"excerpt":{"rendered":"<p>&nbsp; Durante esta semana, del 6 al 11 de noviembre, los responsables de convivencia, junto con algunos alumnos mediadores, est\u00e1n presentando el programa de mediaci\u00f3n del centro a los alumnos de 1\u00ba ESO, con el objetivo de que conozcan que tienen a su disposici\u00f3n esta herramienta cuando surge alg\u00fan problema. La finalidad de este programa [&hellip;]<\/p>\n","protected":false},"author":1,"featured_media":705,"comment_status":"open","ping_status":"open","sticky":false,"template":"","format":"standard","meta":{"_genesis_hide_title":false,"_genesis_hide_breadcrumbs":false,"_genesis_hide_singular_image":false,"_genesis_hide_footer_widgets":false,"_genesis_custom_body_class":"","_genesis_custom_post_class":"","_genesis_layout":""},"categories":[1],"tags":[],"_links":{"self":[{"href":"https:\/\/iesalhama.educacion.navarra.es\/web1\/wp-json\/wp\/v2\/posts\/706"}],"collection":[{"href":"https:\/\/iesalhama.educacion.navarra.es\/web1\/wp-json\/wp\/v2\/posts"}],"about":[{"href":"https:\/\/iesalhama.educacion.navarra.es\/web1\/wp-json\/wp\/v2\/types\/post"}],"author":[{"embeddable":true,"href":"https:\/\/iesalhama.educacion.navarra.es\/web1\/wp-json\/wp\/v2\/users\/1"}],"replies":[{"embeddable":true,"href":"https:\/\/iesalhama.educacion.navarra.es\/web1\/wp-json\/wp\/v2\/comments?post=706"}],"version-history":[{"count":0,"href":"https:\/\/iesalhama.educacion.navarra.es\/web1\/wp-json\/wp\/v2\/posts\/706\/revisions"}],"wp:featuredmedia":[{"embeddable":true,"href":"https:\/\/iesalhama.educacion.navarra.es\/web1\/wp-json\/wp\/v2\/media\/705"}],"wp:attachment":[{"href":"https:\/\/iesalhama.educacion.navarra.es\/web1\/wp-json\/wp\/v2\/media?parent=706"}],"wp:term":[{"taxonomy":"category","embeddable":true,"href":"https:\/\/iesalhama.educacion.navarra.es\/web1\/wp-json\/wp\/v2\/categories?post=706"},{"taxonomy":"post_tag","embeddable":true,"href":"https:\/\/iesalhama.educacion.navarra.es\/web1\/wp-json\/wp\/v2\/tags?post=706"}],"curies":[{"name":"wp","href":"https:\/\/api.w.org\/{rel}","templated":true}]}}