{"id":709,"date":"2016-11-17T21:59:17","date_gmt":"2016-11-17T20:59:17","guid":{"rendered":"https:\/\/iesalhama.educacion.navarra.es\/web1\/blog\/2016\/11\/17\/renovacion-del-consejo-escolar\/"},"modified":"2016-11-17T21:59:17","modified_gmt":"2016-11-17T20:59:17","slug":"renovacion-del-consejo-escolar","status":"publish","type":"post","link":"https:\/\/iesalhama.educacion.navarra.es\/web1\/renovacion-del-consejo-escolar\/","title":{"rendered":"* Renovaci\u00f3n del Consejo Escolar"},"content":{"rendered":"\n<p style=\"text-align: left;\">&nbsp;Como determina la Resoluci\u00f3n 422\/2016 de 13 de octubre, en la que se aprueban las instrucciones para la elecci\u00f3n y renovaci\u00f3n de los Consejos Escolares, desde el IES Alhama se va a proceder a la renovaci\u00f3n de los sectores de la comunidad educativa: profesorado, familias, alumnado y Personal de Administraci\u00f3n y Servicios.&nbsp;<\/p>\n<div style=\"color: #222222; font-family: arial, sans-serif; font-size: 12.8px; line-height: normal; text-align: start;\">Para m\u00e1s informaci\u00f3n, pinchar en los siguientes enlaces:<\/div>\n<div style=\"color: #222222; font-family: arial, sans-serif; font-size: 12.8px; line-height: normal; text-align: start;\">&nbsp;<\/div>\n<div style=\"color: #222222; font-family: arial, sans-serif; font-size: 12.8px; line-height: normal; text-align: start;\"><a href=\"https:\/\/iesalhama.educacion.navarra.es\/web1\/wp-content\/uploads\/2016\/11\/RENOVACI%C3%93N_DEL_CONSEJO_ESCOLAR.pdf\" target=\"_blank\"><strong><span style=\"color: #0000ff;\">Fechas<\/span><\/strong><\/a> y <a href=\"https:\/\/iesalhama.educacion.navarra.es\/web1\/wp-content\/uploads\/2014\/11\/SOLICITUD_DE_CANDIDATURA.pdf\" target=\"_blank\"><strong><span style=\"color: #0000ff;\">Solicitud de candidatura<\/span><\/strong><\/a>.<\/div>\n","protected":false},"excerpt":{"rendered":"<p>&nbsp;Como determina la Resoluci\u00f3n 422\/2016 de 13 de octubre, en la que se aprueban las instrucciones para la elecci\u00f3n y renovaci\u00f3n de los Consejos Escolares, desde el IES Alhama se va a proceder a la renovaci\u00f3n de los sectores de la comunidad educativa: profesorado, familias, alumnado y Personal de Administraci\u00f3n y Servicios.&nbsp; Para m\u00e1s informaci\u00f3n, [&hellip;]<\/p>\n","protected":false},"author":1,"featured_media":0,"comment_status":"open","ping_status":"open","sticky":false,"template":"","format":"standard","meta":{"_genesis_hide_title":false,"_genesis_hide_breadcrumbs":false,"_genesis_hide_singular_image":false,"_genesis_hide_footer_widgets":false,"_genesis_custom_body_class":"","_genesis_custom_post_class":"","_genesis_layout":""},"categories":[1],"tags":[],"_links":{"self":[{"href":"https:\/\/iesalhama.educacion.navarra.es\/web1\/wp-json\/wp\/v2\/posts\/709"}],"collection":[{"href":"https:\/\/iesalhama.educacion.navarra.es\/web1\/wp-json\/wp\/v2\/posts"}],"about":[{"href":"https:\/\/iesalhama.educacion.navarra.es\/web1\/wp-json\/wp\/v2\/types\/post"}],"author":[{"embeddable":true,"href":"https:\/\/iesalhama.educacion.navarra.es\/web1\/wp-json\/wp\/v2\/users\/1"}],"replies":[{"embeddable":true,"href":"https:\/\/iesalhama.educacion.navarra.es\/web1\/wp-json\/wp\/v2\/comments?post=709"}],"version-history":[{"count":0,"href":"https:\/\/iesalhama.educacion.navarra.es\/web1\/wp-json\/wp\/v2\/posts\/709\/revisions"}],"wp:attachment":[{"href":"https:\/\/iesalhama.educacion.navarra.es\/web1\/wp-json\/wp\/v2\/media?parent=709"}],"wp:term":[{"taxonomy":"category","embeddable":true,"href":"https:\/\/iesalhama.educacion.navarra.es\/web1\/wp-json\/wp\/v2\/categories?post=709"},{"taxonomy":"post_tag","embeddable":true,"href":"https:\/\/iesalhama.educacion.navarra.es\/web1\/wp-json\/wp\/v2\/tags?post=709"}],"curies":[{"name":"wp","href":"https:\/\/api.w.org\/{rel}","templated":true}]}}