{"id":722,"date":"2016-12-06T14:41:17","date_gmt":"2016-12-06T13:41:17","guid":{"rendered":"https:\/\/iesalhama.educacion.navarra.es\/web1\/blog\/2016\/12\/06\/alumnado-de-artes-escenicas-representan-un-cuentacuentos\/"},"modified":"2016-12-06T14:41:17","modified_gmt":"2016-12-06T13:41:17","slug":"alumnado-de-artes-escenicas-representan-un-cuentacuentos","status":"publish","type":"post","link":"https:\/\/iesalhama.educacion.navarra.es\/web1\/alumnado-de-artes-escenicas-representan-un-cuentacuentos\/","title":{"rendered":"* Alumnado de Artes Esc\u00e9nicas representan un cuentacuentos"},"content":{"rendered":"\n<p style=\"text-align: left;\">&nbsp;<\/p>\n<div style=\"color: #222222; font-family: arial, sans-serif; font-size: 12.8px; line-height: normal; text-align: start;\">El pasado s\u00e1bado, 3 de diciembre a las 12 horas, en la librer\u00eda tudelana&nbsp;<i><span style=\"color: #800000;\"><strong>\u00abLetras a la Taza\u00bb<\/strong><\/span>,&nbsp;<\/i>los alumnos\/as de <strong><span style=\"color: #800000;\">Artes Esc\u00e9nicas del IES Alhama<\/span><\/strong> representaron una adaptaci\u00f3n del tradicional cuento de la \u00ab<i>Caperucita Roja\u00bb<\/i>. El p\u00fablico asistente,ni\u00f1os peque\u00f1os con sus padres o madres, disfrut\u00f3 de lo lindo con la actuaci\u00f3n y acab\u00f3 cantando, junto con el elenco, la inolvidable canci\u00f3n infantil:<i>\u00abHola don Pepito, hola don Jos\u00e9\u00bb.<\/i><\/div>\n<div style=\"color: #222222; font-family: arial, sans-serif; font-size: 12.8px; line-height: normal; text-align: start;\">&nbsp;<\/div>\n<div style=\"color: #222222; font-family: arial, sans-serif; font-size: 12.8px; line-height: normal; text-align: start;\">Una experiencia interesant\u00edsima &nbsp;para los alumnos que, por cierto, estuvieron soberbios!!!<\/div>\n<div style=\"color: #222222; font-family: arial, sans-serif; font-size: 12.8px; line-height: normal; text-align: start;\">&nbsp;<\/div>\n<div style=\"color: #222222; font-family: arial, sans-serif; font-size: 12.8px; line-height: normal; text-align: center;\"><img loading=\"lazy\" class=\" size-full wp-image-719\" src=\"https:\/\/iesalhama.educacion.navarra.es\/web1\/wp-content\/uploads\/2016\/12\/caperucita.png\" alt=\"caperucita\" width=\"600\" height=\"450\" srcset=\"https:\/\/iesalhama.educacion.navarra.es\/web1\/wp-content\/uploads\/2016\/12\/caperucita.png 600w, https:\/\/iesalhama.educacion.navarra.es\/web1\/wp-content\/uploads\/2016\/12\/caperucita-300x225.png 300w\" sizes=\"(max-width: 600px) 100vw, 600px\" \/><\/div>\n<div style=\"color: #222222; font-family: arial, sans-serif; font-size: 12.8px; line-height: normal; text-align: center;\">&nbsp;<\/div>\n<div style=\"color: #222222; font-family: arial, sans-serif; font-size: 12.8px; line-height: normal; text-align: center;\"><img loading=\"lazy\" class=\" size-full wp-image-720\" src=\"https:\/\/iesalhama.educacion.navarra.es\/web1\/wp-content\/uploads\/2016\/12\/lobo.png\" alt=\"lobo\" width=\"600\" height=\"450\" srcset=\"https:\/\/iesalhama.educacion.navarra.es\/web1\/wp-content\/uploads\/2016\/12\/lobo.png 600w, https:\/\/iesalhama.educacion.navarra.es\/web1\/wp-content\/uploads\/2016\/12\/lobo-300x225.png 300w\" sizes=\"(max-width: 600px) 100vw, 600px\" \/><\/div>\n<div style=\"color: #222222; font-family: arial, sans-serif; font-size: 12.8px; line-height: normal; text-align: center;\">&nbsp;<\/div>\n<div style=\"color: #222222; font-family: arial, sans-serif; font-size: 12.8px; line-height: normal; text-align: center;\"><img loading=\"lazy\" class=\" size-full wp-image-721\" src=\"https:\/\/iesalhama.educacion.navarra.es\/web1\/wp-content\/uploads\/2016\/12\/caperu.png\" alt=\"caperu\" width=\"600\" height=\"553\" srcset=\"https:\/\/iesalhama.educacion.navarra.es\/web1\/wp-content\/uploads\/2016\/12\/caperu.png 600w, https:\/\/iesalhama.educacion.navarra.es\/web1\/wp-content\/uploads\/2016\/12\/caperu-300x277.png 300w\" sizes=\"(max-width: 600px) 100vw, 600px\" \/><\/div>\n","protected":false},"excerpt":{"rendered":"<p>&nbsp; El pasado s\u00e1bado, 3 de diciembre a las 12 horas, en la librer\u00eda tudelana&nbsp;\u00abLetras a la Taza\u00bb,&nbsp;los alumnos\/as de Artes Esc\u00e9nicas del IES Alhama representaron una adaptaci\u00f3n del tradicional cuento de la \u00abCaperucita Roja\u00bb. El p\u00fablico asistente,ni\u00f1os peque\u00f1os con sus padres o madres, disfrut\u00f3 de lo lindo con la actuaci\u00f3n y acab\u00f3 cantando, junto [&hellip;]<\/p>\n","protected":false},"author":1,"featured_media":719,"comment_status":"open","ping_status":"open","sticky":false,"template":"","format":"standard","meta":{"_genesis_hide_title":false,"_genesis_hide_breadcrumbs":false,"_genesis_hide_singular_image":false,"_genesis_hide_footer_widgets":false,"_genesis_custom_body_class":"","_genesis_custom_post_class":"","_genesis_layout":""},"categories":[1],"tags":[],"_links":{"self":[{"href":"https:\/\/iesalhama.educacion.navarra.es\/web1\/wp-json\/wp\/v2\/posts\/722"}],"collection":[{"href":"https:\/\/iesalhama.educacion.navarra.es\/web1\/wp-json\/wp\/v2\/posts"}],"about":[{"href":"https:\/\/iesalhama.educacion.navarra.es\/web1\/wp-json\/wp\/v2\/types\/post"}],"author":[{"embeddable":true,"href":"https:\/\/iesalhama.educacion.navarra.es\/web1\/wp-json\/wp\/v2\/users\/1"}],"replies":[{"embeddable":true,"href":"https:\/\/iesalhama.educacion.navarra.es\/web1\/wp-json\/wp\/v2\/comments?post=722"}],"version-history":[{"count":0,"href":"https:\/\/iesalhama.educacion.navarra.es\/web1\/wp-json\/wp\/v2\/posts\/722\/revisions"}],"wp:featuredmedia":[{"embeddable":true,"href":"https:\/\/iesalhama.educacion.navarra.es\/web1\/wp-json\/wp\/v2\/media\/719"}],"wp:attachment":[{"href":"https:\/\/iesalhama.educacion.navarra.es\/web1\/wp-json\/wp\/v2\/media?parent=722"}],"wp:term":[{"taxonomy":"category","embeddable":true,"href":"https:\/\/iesalhama.educacion.navarra.es\/web1\/wp-json\/wp\/v2\/categories?post=722"},{"taxonomy":"post_tag","embeddable":true,"href":"https:\/\/iesalhama.educacion.navarra.es\/web1\/wp-json\/wp\/v2\/tags?post=722"}],"curies":[{"name":"wp","href":"https:\/\/api.w.org\/{rel}","templated":true}]}}