{"id":728,"date":"2016-12-21T09:47:34","date_gmt":"2016-12-21T08:47:34","guid":{"rendered":"https:\/\/iesalhama.educacion.navarra.es\/web1\/blog\/2016\/12\/21\/2017escenicasancianos\/"},"modified":"2016-12-21T09:47:34","modified_gmt":"2016-12-21T08:47:34","slug":"2017escenicasancianos","status":"publish","type":"post","link":"https:\/\/iesalhama.educacion.navarra.es\/web1\/2017escenicasancianos\/","title":{"rendered":"* Los alumnos de Artes Esc\u00e9nicas en la Residencia de Ancianos."},"content":{"rendered":"\n<p style=\"text-align: left;\">&nbsp;<\/p>\n<div style=\"color: #222222; font-family: arial, sans-serif; font-size: 12.8px; text-align: left;\">El martes 20 de diciembre, &nbsp;el alumnado de Artes Esc\u00e9nicas del IES Alhama represent\u00f3 &nbsp;un cuentacuentos &nbsp;en la Residencia de Ancianos de Corella. Al final de la representaci\u00f3n los alumnos cantaron villancicos con los residentes y les repartieron bombones sin az\u00facar para felicitarles la Navidad.&nbsp;<\/div>\n<div style=\"color: #222222; font-family: arial, sans-serif; font-size: 12.8px; text-align: left;\">&nbsp;<\/div>\n<div style=\"color: #222222; font-family: arial, sans-serif; font-size: 12.8px; text-align: left;\">Una experiencia fant\u00e1stica tanto para los alumnos como para los ancianos!!!<\/div>\n<div style=\"color: #222222; font-family: arial, sans-serif; font-size: 12.8px; text-align: left;\">&nbsp;Os dejamos una foto del encuentro, y<a href=\"https:\/\/goo.gl\/photos\/2fAzADgdEqop7B458\"> m\u00e1s fotos en la galer\u00eda<\/a><\/div>\n<div style=\"color: #222222; font-family: arial, sans-serif; font-size: 12.8px; text-align: left;\"><img loading=\"lazy\" class=\" size-full wp-image-727\" src=\"https:\/\/iesalhama.educacion.navarra.es\/web1\/wp-content\/uploads\/2016\/12\/IMG_20161220_113821.jpg\" alt=\"\" width=\"1080\" height=\"810\" srcset=\"https:\/\/iesalhama.educacion.navarra.es\/web1\/wp-content\/uploads\/2016\/12\/IMG_20161220_113821.jpg 1080w, https:\/\/iesalhama.educacion.navarra.es\/web1\/wp-content\/uploads\/2016\/12\/IMG_20161220_113821-300x225.jpg 300w, https:\/\/iesalhama.educacion.navarra.es\/web1\/wp-content\/uploads\/2016\/12\/IMG_20161220_113821-768x576.jpg 768w, https:\/\/iesalhama.educacion.navarra.es\/web1\/wp-content\/uploads\/2016\/12\/IMG_20161220_113821-1024x768.jpg 1024w\" sizes=\"(max-width: 1080px) 100vw, 1080px\" \/><\/div>\n<div style=\"text-align: left;\">&nbsp;<\/div>\n","protected":false},"excerpt":{"rendered":"<p>&nbsp; El martes 20 de diciembre, &nbsp;el alumnado de Artes Esc\u00e9nicas del IES Alhama represent\u00f3 &nbsp;un cuentacuentos &nbsp;en la Residencia de Ancianos de Corella. Al final de la representaci\u00f3n los alumnos cantaron villancicos con los residentes y les repartieron bombones sin az\u00facar para felicitarles la Navidad.&nbsp; &nbsp; Una experiencia fant\u00e1stica tanto para los alumnos como [&hellip;]<\/p>\n","protected":false},"author":1,"featured_media":727,"comment_status":"open","ping_status":"open","sticky":false,"template":"","format":"standard","meta":{"_genesis_hide_title":false,"_genesis_hide_breadcrumbs":false,"_genesis_hide_singular_image":false,"_genesis_hide_footer_widgets":false,"_genesis_custom_body_class":"","_genesis_custom_post_class":"","_genesis_layout":""},"categories":[1],"tags":[],"_links":{"self":[{"href":"https:\/\/iesalhama.educacion.navarra.es\/web1\/wp-json\/wp\/v2\/posts\/728"}],"collection":[{"href":"https:\/\/iesalhama.educacion.navarra.es\/web1\/wp-json\/wp\/v2\/posts"}],"about":[{"href":"https:\/\/iesalhama.educacion.navarra.es\/web1\/wp-json\/wp\/v2\/types\/post"}],"author":[{"embeddable":true,"href":"https:\/\/iesalhama.educacion.navarra.es\/web1\/wp-json\/wp\/v2\/users\/1"}],"replies":[{"embeddable":true,"href":"https:\/\/iesalhama.educacion.navarra.es\/web1\/wp-json\/wp\/v2\/comments?post=728"}],"version-history":[{"count":0,"href":"https:\/\/iesalhama.educacion.navarra.es\/web1\/wp-json\/wp\/v2\/posts\/728\/revisions"}],"wp:featuredmedia":[{"embeddable":true,"href":"https:\/\/iesalhama.educacion.navarra.es\/web1\/wp-json\/wp\/v2\/media\/727"}],"wp:attachment":[{"href":"https:\/\/iesalhama.educacion.navarra.es\/web1\/wp-json\/wp\/v2\/media?parent=728"}],"wp:term":[{"taxonomy":"category","embeddable":true,"href":"https:\/\/iesalhama.educacion.navarra.es\/web1\/wp-json\/wp\/v2\/categories?post=728"},{"taxonomy":"post_tag","embeddable":true,"href":"https:\/\/iesalhama.educacion.navarra.es\/web1\/wp-json\/wp\/v2\/tags?post=728"}],"curies":[{"name":"wp","href":"https:\/\/api.w.org\/{rel}","templated":true}]}}