{"id":732,"date":"2017-01-18T10:14:10","date_gmt":"2017-01-18T09:14:10","guid":{"rendered":"https:\/\/iesalhama.educacion.navarra.es\/web1\/blog\/2017\/01\/18\/2017-triciclo\/"},"modified":"2017-01-18T10:14:10","modified_gmt":"2017-01-18T09:14:10","slug":"2017-triciclo","status":"publish","type":"post","link":"https:\/\/iesalhama.educacion.navarra.es\/web1\/2017-triciclo\/","title":{"rendered":"* TRICICLO SOLIDARIO&#8230; \u00a1\u00a1\u00a1CONSEGUIDO!!!"},"content":{"rendered":"\n<p>&nbsp;<\/p>\n<p><span style=\"color: #222222; font-family: arial, sans-serif; font-size: 12.8px; line-height: normal; text-align: start;\">El pasado mes de diciembre la comunidad educativa del IES Alhama (familias, alumnado, profesorado, personal de administraci\u00f3n y servicios) nos embarcamos en una campa\u00f1a muy ilusionante e inspiradora que ten\u00eda como fin recaudar dinero para adquirir un triciclo el\u00e9ctrico para nuestro compa\u00f1ero Na\u00edm Padilla. Biciclistas de Corella y otras asociaciones corellanas colaboraron desde el primer momento para lograr el objetivo com\u00fan.<\/span><\/p>\n<div style=\"color: #222222; font-family: arial, sans-serif; font-size: 12.8px; line-height: normal; text-align: start;\">&nbsp;<\/div>\n<div style=\"color: #222222; font-family: arial, sans-serif; font-size: 12.8px; line-height: normal; text-align: start;\">El d\u00eda 22 de diciembre rescatamos una tradici\u00f3n del IES Alhama y volvimos a celebrar el Mercadillo Solidario, esta vez con el objetivo de recaudar dinero para el triciclo. Recibimos mucho apoyo de las familias, profesorado y alumnado en forma de dulces, donaciones (bolsos, libros, bisuter\u00eda) y mil detalles m\u00e1s. La asociaci\u00f3n deportiva \u00abLa Merced\u00bb&nbsp; don\u00f3 un jam\u00f3n y vendimos muchos boletos. Hubo mucho ambiente y&nbsp; conseguimos 691 euros.<\/div>\n<div style=\"color: #222222; font-family: arial, sans-serif; font-size: 12.8px; line-height: normal; text-align: start;\">La Asociaci\u00f3n de Comerciantes de Corella (ACC)&nbsp; coloc\u00f3 70 huchas por bares, restaurantes y comercios. Adem\u00e1s, varias asociaciones y particulares de Corella colaboraron con donaciones, tiempo, material y voluntariado:&nbsp; La&nbsp;<span class=\"m_-8526358100639831224gmail-m_-3655007039054024281gmail-text_exposed_show\">Ribera en Femenino,&nbsp;<\/span>Pe\u00f1a Gracurris, Turrumberos, Club de Padel, Instituto Alhama, Apyma IES Alhama, Pe\u00f1a el Tonel, Jorge Catalan, Ciclos Peca, Auroros de Corella, Asociaci\u00f3n de Comerciantes, Ayuntamiento de Corella, Club de Atletismo, Biciclistas de Corella.<\/div>\n<div style=\"color: #222222; font-family: arial, sans-serif; font-size: 12.8px; line-height: normal; text-align: start;\">Hemos conseguido entre donaciones, Mercadillo Solidario y huchas 2.145 euros, con lo cual hay dinero para el triciclo y para ayudar a m\u00e1s personas con problemas de movilidad similares.&nbsp; <\/p>\n<p>Todas las ma\u00f1anas de este 2017 vemos a Na\u00edm Padilla llegando al instituto montado en el triciclo el\u00e9ctrico. Mil gracias a todas las personas y asociaciones que lo han hecho posible.&nbsp;<\/p>\n<p>&nbsp;<\/p>\n<p><img loading=\"lazy\" class=\" size-full wp-image-731\" src=\"https:\/\/iesalhama.educacion.navarra.es\/web1\/wp-content\/uploads\/2017\/01\/bicleta%20naim.JPG\" alt=\"\" width=\"546\" height=\"819\" \/><\/p>\n<\/p><\/div>\n","protected":false},"excerpt":{"rendered":"<p>&nbsp; El pasado mes de diciembre la comunidad educativa del IES Alhama (familias, alumnado, profesorado, personal de administraci\u00f3n y servicios) nos embarcamos en una campa\u00f1a muy ilusionante e inspiradora que ten\u00eda como fin recaudar dinero para adquirir un triciclo el\u00e9ctrico para nuestro compa\u00f1ero Na\u00edm Padilla. Biciclistas de Corella y otras asociaciones corellanas colaboraron desde el [&hellip;]<\/p>\n","protected":false},"author":1,"featured_media":731,"comment_status":"open","ping_status":"open","sticky":false,"template":"","format":"standard","meta":{"_genesis_hide_title":false,"_genesis_hide_breadcrumbs":false,"_genesis_hide_singular_image":false,"_genesis_hide_footer_widgets":false,"_genesis_custom_body_class":"","_genesis_custom_post_class":"","_genesis_layout":""},"categories":[1],"tags":[],"_links":{"self":[{"href":"https:\/\/iesalhama.educacion.navarra.es\/web1\/wp-json\/wp\/v2\/posts\/732"}],"collection":[{"href":"https:\/\/iesalhama.educacion.navarra.es\/web1\/wp-json\/wp\/v2\/posts"}],"about":[{"href":"https:\/\/iesalhama.educacion.navarra.es\/web1\/wp-json\/wp\/v2\/types\/post"}],"author":[{"embeddable":true,"href":"https:\/\/iesalhama.educacion.navarra.es\/web1\/wp-json\/wp\/v2\/users\/1"}],"replies":[{"embeddable":true,"href":"https:\/\/iesalhama.educacion.navarra.es\/web1\/wp-json\/wp\/v2\/comments?post=732"}],"version-history":[{"count":0,"href":"https:\/\/iesalhama.educacion.navarra.es\/web1\/wp-json\/wp\/v2\/posts\/732\/revisions"}],"wp:featuredmedia":[{"embeddable":true,"href":"https:\/\/iesalhama.educacion.navarra.es\/web1\/wp-json\/wp\/v2\/media\/731"}],"wp:attachment":[{"href":"https:\/\/iesalhama.educacion.navarra.es\/web1\/wp-json\/wp\/v2\/media?parent=732"}],"wp:term":[{"taxonomy":"category","embeddable":true,"href":"https:\/\/iesalhama.educacion.navarra.es\/web1\/wp-json\/wp\/v2\/categories?post=732"},{"taxonomy":"post_tag","embeddable":true,"href":"https:\/\/iesalhama.educacion.navarra.es\/web1\/wp-json\/wp\/v2\/tags?post=732"}],"curies":[{"name":"wp","href":"https:\/\/api.w.org\/{rel}","templated":true}]}}