{"id":735,"date":"2017-01-25T12:05:35","date_gmt":"2017-01-25T11:05:35","guid":{"rendered":"https:\/\/iesalhama.educacion.navarra.es\/web1\/blog\/2017\/01\/25\/becas-2017-para-el-instituto-de-verano-benjamin-franklin\/"},"modified":"2017-01-25T12:05:35","modified_gmt":"2017-01-25T11:05:35","slug":"becas-2017-para-el-instituto-de-verano-benjamin-franklin","status":"publish","type":"post","link":"https:\/\/iesalhama.educacion.navarra.es\/web1\/becas-2017-para-el-instituto-de-verano-benjamin-franklin\/","title":{"rendered":"* Becas 2017 para el Instituto de Verano Benjamin Franklin"},"content":{"rendered":"\n<p style=\"text-align: justify; margin-left: 30px;\"><span style=\"font-family: Calibri, sans-serif; font-size: 8pt; text-align: justify;\"><\/span><\/p>\n<p style=\"text-align: justify; margin-left: 30px;\"><span style=\"font-family: Calibri, sans-serif; font-size: 11pt; text-align: justify;\">Como todos los a\u00f1os, se convocan las <\/span><span style=\"color: #800000; font-size: 12pt; font-family: arial, helvetica, sans-serif;\"><strong style=\"font-family: Calibri, sans-serif; text-align: justify;\">becas para el Instituto de Verano Benjamin Franklin <\/strong><\/span><span style=\"font-family: Calibri, sans-serif; font-size: 11pt; text-align: justify;\">dirigida a estudiantes de 16 a 18 a\u00f1os.&nbsp;<\/span><span class=\"apple-converted-space\" style=\"font-family: Calibri, sans-serif; text-align: justify;\">&nbsp;<\/span><\/p>\n<p class=\"m1793507756214258682m6543062301731139040msoplaintext\" style=\"margin: 0cm 0cm 0.0001pt 30px; text-align: justify; background-image: initial; background-position: initial; background-repeat: initial; background-attachment: initial;\"><span style=\"font-size: 11pt; font-family: Calibri, sans-serif;\">&nbsp;<\/span><\/p>\n<p class=\"m1793507756214258682m6543062301731139040msoplaintext\" style=\"margin: 0cm 0cm 0.0001pt 30px; text-align: justify; background-image: initial; background-position: initial; background-repeat: initial; background-attachment: initial;\"><span style=\"font-size: 11pt; font-family: Calibri, sans-serif;\">En el enlace encontrareis la convocatoria,que permanecer\u00e1 abierta<\/span><\/p>\n<p class=\"m1793507756214258682m6543062301731139040msoplaintext\" style=\"margin: 0cm 0cm 0.0001pt 30px; text-align: justify; background-image: initial; background-position: initial; background-repeat: initial; background-attachment: initial;\"><span style=\"text-decoration: underline; color: #800000;\"><span style=\"font-size: 11pt; font-family: Calibri, sans-serif;\">hasta el&nbsp;<\/span><\/span><span style=\"font-size: 11pt; font-family: Calibri, sans-serif;\"><span style=\"text-decoration: underline;\"><span style=\"color: #800000; text-decoration: underline;\">Viernes, 24 de febrero de 2017, a las 18h<\/span>.<\/span>&nbsp; &nbsp;<\/span><\/p>\n<p class=\"m1793507756214258682m6543062301731139040msoplaintext\" style=\"margin: 0cm 0cm 0.0001pt 30px; text-align: justify; background-image: initial; background-position: initial; background-repeat: initial; background-attachment: initial;\"><span style=\"font-size: 11pt; font-family: Calibri, sans-serif;\">&nbsp;<\/span><\/p>\n<p class=\"m1793507756214258682m6543062301731139040msoplaintext\" style=\"margin: 0cm 0cm 0.0001pt 30px; background-image: initial; background-position: initial; background-repeat: initial; background-attachment: initial; text-align: center;\" align=\"center\"><span style=\"font-size: 10pt;\"><strong><span style=\"color: #0000ff;\"><a href=\"http:\/\/photos.state.gov\/libraries\/spain\/164311\/education\/Convocatoria_BFTI_2017.pdf\"><span style=\"color: #0000ff;\">http:\/\/photos.state.gov\/libraries\/spain\/164311\/education\/Convocatoria_BFTI_2017.pdf<\/span><\/a><\/span><\/strong><\/span><\/p>\n","protected":false},"excerpt":{"rendered":"<p>Como todos los a\u00f1os, se convocan las becas para el Instituto de Verano Benjamin Franklin dirigida a estudiantes de 16 a 18 a\u00f1os.&nbsp;&nbsp; &nbsp; En el enlace encontrareis la convocatoria,que permanecer\u00e1 abierta hasta el&nbsp;Viernes, 24 de febrero de 2017, a las 18h.&nbsp; &nbsp; &nbsp; http:\/\/photos.state.gov\/libraries\/spain\/164311\/education\/Convocatoria_BFTI_2017.pdf<\/p>\n","protected":false},"author":1,"featured_media":0,"comment_status":"open","ping_status":"open","sticky":false,"template":"","format":"standard","meta":{"_genesis_hide_title":false,"_genesis_hide_breadcrumbs":false,"_genesis_hide_singular_image":false,"_genesis_hide_footer_widgets":false,"_genesis_custom_body_class":"","_genesis_custom_post_class":"","_genesis_layout":""},"categories":[1],"tags":[],"_links":{"self":[{"href":"https:\/\/iesalhama.educacion.navarra.es\/web1\/wp-json\/wp\/v2\/posts\/735"}],"collection":[{"href":"https:\/\/iesalhama.educacion.navarra.es\/web1\/wp-json\/wp\/v2\/posts"}],"about":[{"href":"https:\/\/iesalhama.educacion.navarra.es\/web1\/wp-json\/wp\/v2\/types\/post"}],"author":[{"embeddable":true,"href":"https:\/\/iesalhama.educacion.navarra.es\/web1\/wp-json\/wp\/v2\/users\/1"}],"replies":[{"embeddable":true,"href":"https:\/\/iesalhama.educacion.navarra.es\/web1\/wp-json\/wp\/v2\/comments?post=735"}],"version-history":[{"count":0,"href":"https:\/\/iesalhama.educacion.navarra.es\/web1\/wp-json\/wp\/v2\/posts\/735\/revisions"}],"wp:attachment":[{"href":"https:\/\/iesalhama.educacion.navarra.es\/web1\/wp-json\/wp\/v2\/media?parent=735"}],"wp:term":[{"taxonomy":"category","embeddable":true,"href":"https:\/\/iesalhama.educacion.navarra.es\/web1\/wp-json\/wp\/v2\/categories?post=735"},{"taxonomy":"post_tag","embeddable":true,"href":"https:\/\/iesalhama.educacion.navarra.es\/web1\/wp-json\/wp\/v2\/tags?post=735"}],"curies":[{"name":"wp","href":"https:\/\/api.w.org\/{rel}","templated":true}]}}