{"id":737,"date":"2017-02-08T08:49:54","date_gmt":"2017-02-08T07:49:54","guid":{"rendered":"https:\/\/iesalhama.educacion.navarra.es\/web1\/blog\/2017\/02\/08\/taller-de-prensa-en-el-diario-de-navarra-4-c\/"},"modified":"2017-02-08T08:49:54","modified_gmt":"2017-02-08T07:49:54","slug":"taller-de-prensa-en-el-diario-de-navarra-4-c","status":"publish","type":"post","link":"https:\/\/iesalhama.educacion.navarra.es\/web1\/taller-de-prensa-en-el-diario-de-navarra-4-c\/","title":{"rendered":"* Taller de Prensa en el Diario de Navarra &#8211; 4\u00baC"},"content":{"rendered":"\n<div style=\"color: #222222; font-family: arial, sans-serif; font-size: 12.8px; text-align: start;\">&nbsp;<\/div>\n<div style=\"color: #222222; font-family: arial, sans-serif; font-size: 12.8px; text-align: justify;\"><span style=\"font-size: 10pt; font-family: arial, helvetica, sans-serif;\">El mi\u00e9rcoles 1 de febrero, el alumnado de 4\u00ba ESO C hizo una salida al Diario de Navarra en Pamplona para participar en un Taller de Prensa organizado por el peri\u00f3dico. &nbsp;Los alumnos tuvieron la oportunidad de conocer la redacci\u00f3n por dentro; de profundizar en el estudio del lenguaje y caracter\u00edsticas de un peri\u00f3dico y de confeccionar una p\u00e1gina del mismo.<\/span><\/div>\n<div style=\"color: #222222; font-family: arial, sans-serif; font-size: 12.8px; text-align: justify;\">&nbsp;<\/div>\n<div style=\"color: #222222; font-family: arial, sans-serif; font-size: 12.8px; text-align: justify;\"><span style=\"font-size: 10pt; font-family: arial, helvetica, sans-serif;\">Una experiencia did\u00e1ctica, divertida y sobre todo enriquecedora.<\/span><\/div>\n<div style=\"color: #222222; font-family: arial, sans-serif; font-size: 12.8px; text-align: justify;\"><a href=\"https:\/\/photos.google.com\/u\/1\/share\/AF1QipMclNm8HV4kcFYYUZzVlcb_jsLh58LLcnmeDX9wruzh9f6Kko5UNgpq31kupyMNgg?key=SENCN0w2X3kyUGpTdXA1OFZweXBIRU1SMTRqZE9n\"><strong><span style=\"font-size: 10pt; font-family: arial, helvetica, sans-serif; color: #0000ff;\">Enlace a las fotos.<\/span><\/strong><\/a><\/div>\n<p style=\"text-align: justify;\">&nbsp;<\/p>\n<p style=\"text-align: justify;\">&nbsp;<\/p>\n","protected":false},"excerpt":{"rendered":"<p>&nbsp; El mi\u00e9rcoles 1 de febrero, el alumnado de 4\u00ba ESO C hizo una salida al Diario de Navarra en Pamplona para participar en un Taller de Prensa organizado por el peri\u00f3dico. &nbsp;Los alumnos tuvieron la oportunidad de conocer la redacci\u00f3n por dentro; de profundizar en el estudio del lenguaje y caracter\u00edsticas de un peri\u00f3dico [&hellip;]<\/p>\n","protected":false},"author":1,"featured_media":0,"comment_status":"open","ping_status":"open","sticky":false,"template":"","format":"standard","meta":{"_genesis_hide_title":false,"_genesis_hide_breadcrumbs":false,"_genesis_hide_singular_image":false,"_genesis_hide_footer_widgets":false,"_genesis_custom_body_class":"","_genesis_custom_post_class":"","_genesis_layout":""},"categories":[1],"tags":[],"_links":{"self":[{"href":"https:\/\/iesalhama.educacion.navarra.es\/web1\/wp-json\/wp\/v2\/posts\/737"}],"collection":[{"href":"https:\/\/iesalhama.educacion.navarra.es\/web1\/wp-json\/wp\/v2\/posts"}],"about":[{"href":"https:\/\/iesalhama.educacion.navarra.es\/web1\/wp-json\/wp\/v2\/types\/post"}],"author":[{"embeddable":true,"href":"https:\/\/iesalhama.educacion.navarra.es\/web1\/wp-json\/wp\/v2\/users\/1"}],"replies":[{"embeddable":true,"href":"https:\/\/iesalhama.educacion.navarra.es\/web1\/wp-json\/wp\/v2\/comments?post=737"}],"version-history":[{"count":0,"href":"https:\/\/iesalhama.educacion.navarra.es\/web1\/wp-json\/wp\/v2\/posts\/737\/revisions"}],"wp:attachment":[{"href":"https:\/\/iesalhama.educacion.navarra.es\/web1\/wp-json\/wp\/v2\/media?parent=737"}],"wp:term":[{"taxonomy":"category","embeddable":true,"href":"https:\/\/iesalhama.educacion.navarra.es\/web1\/wp-json\/wp\/v2\/categories?post=737"},{"taxonomy":"post_tag","embeddable":true,"href":"https:\/\/iesalhama.educacion.navarra.es\/web1\/wp-json\/wp\/v2\/tags?post=737"}],"curies":[{"name":"wp","href":"https:\/\/api.w.org\/{rel}","templated":true}]}}