{"id":752,"date":"2017-03-31T10:54:49","date_gmt":"2017-03-31T08:54:49","guid":{"rendered":"https:\/\/iesalhama.educacion.navarra.es\/web1\/blog\/2017\/03\/31\/viaje-de-estudios-2016-17\/"},"modified":"2017-03-31T10:54:49","modified_gmt":"2017-03-31T08:54:49","slug":"viaje-de-estudios-2016-17","status":"publish","type":"post","link":"https:\/\/iesalhama.educacion.navarra.es\/web1\/viaje-de-estudios-2016-17\/","title":{"rendered":"* Viaje de estudios 2016-17"},"content":{"rendered":"\n<p style=\"text-align: left;\">&nbsp;<\/p>\n<p style=\"margin-bottom: 0.0001pt; line-height: normal;\"><span style=\"font-size: 12pt; font-family: Arial, sans-serif;\">Del 9 al 12 de abril nuestros alumnos de <span style=\"color: #800000;\"><strong>4\u00ba ESO y 1\u00ba de Bachillerato<\/strong><\/span> se van de viaje de estudios a <strong><span style=\"color: #800000;\">Valencia- Cullera<\/span><\/strong>. Se alojar\u00e1n en el hotel de cuatro estrellas Holiday de Cullera, cuyo n\u00famero de tel\u00e9fono es: <strong>961 73 15 55.<\/strong><\/span><\/p>\n<p style=\"margin-bottom: 0.0001pt; line-height: normal;\"><span style=\"font-size: 12pt; font-family: Arial, sans-serif;\">Los profesores acompa\u00f1antes son: <span style=\"color: #800000;\"><strong>Laura Bayo, Trinidad Serrano y Pedro J. Ram\u00edrez.&nbsp;<\/strong> <\/span>Estos profesores estar\u00e1n localizados en el siguiente n\u00famero de m\u00f3vil: 619 423 870.<\/span><\/p>\n<p style=\"margin-bottom: 0.0001pt; line-height: normal;\"><span style=\"font-size: 12pt; font-family: Arial, sans-serif;\">Tendr\u00e1n actividades culturales y &nbsp;l\u00fadicas. Tambi\u00e9n disfrutar\u00e1n de tiempo libre para ir&nbsp; a la playa o de compras. <\/span><\/p>\n<p style=\"margin-bottom: 0.0001pt; line-height: normal;\"><span style=\"font-size: 12pt; font-family: Arial, sans-serif;\">Desde el IES Alhama esperamos todo sea&nbsp; de su agrado y&nbsp; que lo pasen muy bien.<\/span><\/p>\n<p style=\"margin-bottom: 0.0001pt; line-height: normal;\"><strong><span style=\"font-size: 12pt; font-family: Arial, sans-serif; color: #0000ff;\">&nbsp;<\/span><\/strong><\/p>\n<p style=\"margin-bottom: 0.0001pt; line-height: normal;\"><a href=\"https:\/\/iesalhama.educacion.navarra.es\/web1\/wp-content\/uploads\/2017\/03\/Presentaci%C3%B3n_viaje_estudios.2017_Modo_de_compatibilidad.pdf\" target=\"_blank\"><strong><span style=\"font-size: 12pt; font-family: Arial, sans-serif; color: #0000ff;\">Enlace al itinerario.<\/span><\/strong><\/a><\/p>\n","protected":false},"excerpt":{"rendered":"<p>&nbsp; Del 9 al 12 de abril nuestros alumnos de 4\u00ba ESO y 1\u00ba de Bachillerato se van de viaje de estudios a Valencia- Cullera. Se alojar\u00e1n en el hotel de cuatro estrellas Holiday de Cullera, cuyo n\u00famero de tel\u00e9fono es: 961 73 15 55. Los profesores acompa\u00f1antes son: Laura Bayo, Trinidad Serrano y Pedro [&hellip;]<\/p>\n","protected":false},"author":1,"featured_media":0,"comment_status":"open","ping_status":"open","sticky":false,"template":"","format":"standard","meta":{"_genesis_hide_title":false,"_genesis_hide_breadcrumbs":false,"_genesis_hide_singular_image":false,"_genesis_hide_footer_widgets":false,"_genesis_custom_body_class":"","_genesis_custom_post_class":"","_genesis_layout":""},"categories":[1],"tags":[],"_links":{"self":[{"href":"https:\/\/iesalhama.educacion.navarra.es\/web1\/wp-json\/wp\/v2\/posts\/752"}],"collection":[{"href":"https:\/\/iesalhama.educacion.navarra.es\/web1\/wp-json\/wp\/v2\/posts"}],"about":[{"href":"https:\/\/iesalhama.educacion.navarra.es\/web1\/wp-json\/wp\/v2\/types\/post"}],"author":[{"embeddable":true,"href":"https:\/\/iesalhama.educacion.navarra.es\/web1\/wp-json\/wp\/v2\/users\/1"}],"replies":[{"embeddable":true,"href":"https:\/\/iesalhama.educacion.navarra.es\/web1\/wp-json\/wp\/v2\/comments?post=752"}],"version-history":[{"count":0,"href":"https:\/\/iesalhama.educacion.navarra.es\/web1\/wp-json\/wp\/v2\/posts\/752\/revisions"}],"wp:attachment":[{"href":"https:\/\/iesalhama.educacion.navarra.es\/web1\/wp-json\/wp\/v2\/media?parent=752"}],"wp:term":[{"taxonomy":"category","embeddable":true,"href":"https:\/\/iesalhama.educacion.navarra.es\/web1\/wp-json\/wp\/v2\/categories?post=752"},{"taxonomy":"post_tag","embeddable":true,"href":"https:\/\/iesalhama.educacion.navarra.es\/web1\/wp-json\/wp\/v2\/tags?post=752"}],"curies":[{"name":"wp","href":"https:\/\/api.w.org\/{rel}","templated":true}]}}