{"id":7629,"date":"2022-06-17T11:04:21","date_gmt":"2022-06-17T09:04:21","guid":{"rendered":"https:\/\/iesalhama.educacion.navarra.es\/web1\/?p=7629"},"modified":"2022-09-02T09:44:56","modified_gmt":"2022-09-02T07:44:56","slug":"el-ies-alhama-reconocido-por-su-solidaridad","status":"publish","type":"post","link":"https:\/\/iesalhama.educacion.navarra.es\/web1\/el-ies-alhama-reconocido-por-su-solidaridad\/","title":{"rendered":"El IES ALHAMA reconocido por su solidaridad"},"content":{"rendered":"\n<p>El instituto IES Alhama de Corella ha obtenido la certificaci\u00f3n del Gobierno de Navarra por su labor desarrollada en el marco de la <strong><mark class=\"has-inline-color has-vivid-red-color\">RED de ESCUELAS SOLIDARIAS<\/mark><\/strong>, en colaboraci\u00f3n con la ONG ALBOAN.&nbsp;<br><\/p>\n\n\n\n<p>El profesorado del IES ALHAMA ha planteado diferentes situaciones de aprendizaje con la intenci\u00f3n de  conectar el aprendizaje curricular con las necesidades reales del entorno. Gracias a una metodolog\u00eda innovadora se ha involucrado a toda la comunidad educativa. Se han puesto en marcha diferentes acciones solidarias; tales como la ayuda a las personas damnificadas por el volc\u00e1n de La Palma o en favor de los Derechos Humanos y fomento de la paz, en contra de la guerra de Ucrania. Este trabajo ha sido premiado por la Comisi\u00f3n T\u00e9cnica del Departamento de Educaci\u00f3n y del Departamento de Derechos Sociales del Gobierno de Navarra, que ha acreditado la labor solidaria del IES ALHAMA de Corella en favor de su entorno. <mark class=\"has-inline-color has-vivid-red-color\">Un reconocimiento que se otorga al instituto por promover una educaci\u00f3n para la Ciudadan\u00eda Global. Un objetivo que guarda estrecha relaci\u00f3n con la meta 4.7 de los Objetivos de Desarrollo Sostenible<\/mark> y acredita al IES ALHAMA de Corella por mostrar su sensibilidad social y generar situaciones de compromiso.<\/p>\n\n\n<a href=\"https:\/\/iesalhama.educacion.navarra.es\/web1\/wp-content\/uploads\/2022\/06\/20220617105100785_0001.pdf\" class=\"pdfemb-viewer\" style=\"\" data-width=\"max\" data-height=\"max\" data-toolbar=\"bottom\" data-toolbar-fixed=\"off\">20220617105100785_0001<\/a>\n<p class=\"wp-block-pdfemb-pdf-embedder-viewer\"><\/p>\n\n\n<a href=\"https:\/\/iesalhama.educacion.navarra.es\/web1\/wp-content\/uploads\/2022\/06\/20220617105132576_0001.pdf\" class=\"pdfemb-viewer\" style=\"\" data-width=\"max\" data-height=\"max\" data-toolbar=\"bottom\" data-toolbar-fixed=\"off\">20220617105132576_0001<\/a>\n<p class=\"wp-block-pdfemb-pdf-embedder-viewer\"><\/p>\n\n\n<a href=\"https:\/\/iesalhama.educacion.navarra.es\/web1\/wp-content\/uploads\/2022\/06\/20220617105248830_0001.pdf\" class=\"pdfemb-viewer\" style=\"\" data-width=\"max\" data-height=\"max\" data-toolbar=\"bottom\" data-toolbar-fixed=\"off\">20220617105248830_0001<\/a>\n<p class=\"wp-block-pdfemb-pdf-embedder-viewer\"><\/p>\n","protected":false},"excerpt":{"rendered":"<p>El instituto IES Alhama de Corella ha obtenido la certificaci\u00f3n del Gobierno de Navarra por su labor desarrollada en el marco de la RED de ESCUELAS SOLIDARIAS, en colaboraci\u00f3n con la ONG ALBOAN.&nbsp; El profesorado del IES ALHAMA ha planteado diferentes situaciones de aprendizaje con la intenci\u00f3n de conectar el aprendizaje curricular con las necesidades [&hellip;]<\/p>\n","protected":false},"author":1,"featured_media":7634,"comment_status":"open","ping_status":"open","sticky":false,"template":"","format":"standard","meta":{"_genesis_hide_title":false,"_genesis_hide_breadcrumbs":false,"_genesis_hide_singular_image":false,"_genesis_hide_footer_widgets":false,"_genesis_custom_body_class":"","_genesis_custom_post_class":"","_genesis_layout":""},"categories":[87,89,1,72],"tags":[],"_links":{"self":[{"href":"https:\/\/iesalhama.educacion.navarra.es\/web1\/wp-json\/wp\/v2\/posts\/7629"}],"collection":[{"href":"https:\/\/iesalhama.educacion.navarra.es\/web1\/wp-json\/wp\/v2\/posts"}],"about":[{"href":"https:\/\/iesalhama.educacion.navarra.es\/web1\/wp-json\/wp\/v2\/types\/post"}],"author":[{"embeddable":true,"href":"https:\/\/iesalhama.educacion.navarra.es\/web1\/wp-json\/wp\/v2\/users\/1"}],"replies":[{"embeddable":true,"href":"https:\/\/iesalhama.educacion.navarra.es\/web1\/wp-json\/wp\/v2\/comments?post=7629"}],"version-history":[{"count":3,"href":"https:\/\/iesalhama.educacion.navarra.es\/web1\/wp-json\/wp\/v2\/posts\/7629\/revisions"}],"predecessor-version":[{"id":7664,"href":"https:\/\/iesalhama.educacion.navarra.es\/web1\/wp-json\/wp\/v2\/posts\/7629\/revisions\/7664"}],"wp:featuredmedia":[{"embeddable":true,"href":"https:\/\/iesalhama.educacion.navarra.es\/web1\/wp-json\/wp\/v2\/media\/7634"}],"wp:attachment":[{"href":"https:\/\/iesalhama.educacion.navarra.es\/web1\/wp-json\/wp\/v2\/media?parent=7629"}],"wp:term":[{"taxonomy":"category","embeddable":true,"href":"https:\/\/iesalhama.educacion.navarra.es\/web1\/wp-json\/wp\/v2\/categories?post=7629"},{"taxonomy":"post_tag","embeddable":true,"href":"https:\/\/iesalhama.educacion.navarra.es\/web1\/wp-json\/wp\/v2\/tags?post=7629"}],"curies":[{"name":"wp","href":"https:\/\/api.w.org\/{rel}","templated":true}]}}