{"id":763,"date":"2017-05-24T09:13:02","date_gmt":"2017-05-24T07:13:02","guid":{"rendered":"https:\/\/iesalhama.educacion.navarra.es\/web1\/blog\/2017\/05\/24\/intercambio-con-mugron-francia-2017\/"},"modified":"2017-05-24T09:13:02","modified_gmt":"2017-05-24T07:13:02","slug":"intercambio-con-mugron-francia-2017","status":"publish","type":"post","link":"https:\/\/iesalhama.educacion.navarra.es\/web1\/intercambio-con-mugron-francia-2017\/","title":{"rendered":"* Intercambio con Mugron (Francia) &#8211; 2017"},"content":{"rendered":"\n<p style=\"text-align: justify; margin-left: 30px;\"><span style=\"line-height: 150%; font-family: Arial, sans-serif; color: #222222;\">Del 10 al 13 de mayo, &nbsp;<\/span><strong><span style=\"line-height: 150%; font-family: Arial, sans-serif; color: #943634;\">21 alumnos del IES Alhama<\/span><\/strong><span style=\"line-height: 150%; font-family: Arial, sans-serif; color: #222222;\"> de 3\u00ba y 4\u00ba ESO junto con 8<\/span><strong><span style=\"line-height: 150%; font-family: Arial, sans-serif; color: #943634;\"> del IESO La Paz de Cintru\u00e9nigo<\/span><\/strong><span style=\"line-height: 150%; font-family: Arial, sans-serif; color: #222222;\">, &nbsp;tuvieron la oportunidad de convivir con alumnos de la misma edad de Mugron.<\/span><\/p>\n<p style=\"margin-bottom: 0.0001pt; text-align: justify; line-height: 150%; background-image: initial; background-position: initial; background-repeat: initial; background-attachment: initial; margin-left: 30px;\"><span style=\"line-height: 150%; font-family: Arial, sans-serif; color: #222222;\">El alumnado franc\u00e9s comparti\u00f3 algunas clases con sus compa\u00f1eros y tambi\u00e9n realiz\u00f3 una serie de actividades como caminar hasta Fitero, &nbsp;visitar su monasterio o pasar el d\u00eda en el termol\u00fadico de Cascante.&nbsp;<\/span><\/p>\n<p style=\"margin-bottom: 0.0001pt; text-align: justify; line-height: 150%; background-image: initial; background-position: initial; background-repeat: initial; background-attachment: initial; margin-left: 30px;\"><span style=\"line-height: 150%; font-family: Arial, sans-serif; color: #222222;\">El viernes 12 , a las 8:30 de la tarde, &nbsp;las familias ofrecieron en la capilla de IES Alhama una cena de despedida donde alumnos, familias y profesores pudieron pasar un rato agradable y compartir las experiencias vividas. <\/span><\/p>\n<p style=\"margin-bottom: 0.0001pt; text-align: justify; line-height: 150%; background-image: initial; background-position: initial; background-repeat: initial; background-attachment: initial; margin-left: 30px;\"><span style=\"line-height: 150%; font-family: Arial, sans-serif; color: #222222;\">Al final, a la hora de la despedida, todos los alumnos acabaron visiblemente emocionados.<\/span><\/p>\n<p style=\"margin-bottom: 0.0001pt; text-align: justify; line-height: 150%; background-image: initial; background-position: initial; background-repeat: initial; background-attachment: initial; margin-left: 30px;\"><span style=\"line-height: 150%; font-family: Arial, sans-serif; color: #222222;\">Unos d\u00edas que, seguro, ninguno de los chicos\/as podr\u00e1n olvidar.&nbsp;<\/span><\/p>\n<p style=\"margin-bottom: 0.0001pt; text-align: justify; line-height: 150%; background-image: initial; background-position: initial; background-repeat: initial; background-attachment: initial; margin-left: 30px;\"><span style=\"color: #0000ff;\"><strong><span style=\"line-height: 150%; font-family: Arial, sans-serif;\">(Enlace a fotograf\u00edas)<\/span><\/strong><\/span><\/p>\n<p style=\"margin-bottom: 0.0001pt; text-align: justify; line-height: 150%; background-image: initial; background-position: initial; background-repeat: initial; background-attachment: initial; margin-left: 30px;\"><span style=\"line-height: 150%; font-family: Arial, sans-serif; color: #222222;\">&nbsp;<\/span><\/p>\n<p style=\"margin-bottom: 0.0001pt; line-height: 150%; background-image: initial; background-position: initial; background-repeat: initial; background-attachment: initial; margin-left: 30px; text-align: center;\"><span style=\"line-height: 150%; font-family: Arial, sans-serif; color: #222222;\"><img loading=\"lazy\" class=\" size-full wp-image-762\" style=\"font-size: 12.16px; border: 2px solid #db7d0a;\" src=\"https:\/\/iesalhama.educacion.navarra.es\/web1\/wp-content\/uploads\/2017\/05\/IMG-20170518-WA0000_3.jpg\" alt=\"IMG-20170518-WA0000 3\" width=\"391\" height=\"220\" srcset=\"https:\/\/iesalhama.educacion.navarra.es\/web1\/wp-content\/uploads\/2017\/05\/IMG-20170518-WA0000_3.jpg 1136w, https:\/\/iesalhama.educacion.navarra.es\/web1\/wp-content\/uploads\/2017\/05\/IMG-20170518-WA0000_3-300x169.jpg 300w, https:\/\/iesalhama.educacion.navarra.es\/web1\/wp-content\/uploads\/2017\/05\/IMG-20170518-WA0000_3-768x433.jpg 768w, https:\/\/iesalhama.educacion.navarra.es\/web1\/wp-content\/uploads\/2017\/05\/IMG-20170518-WA0000_3-1024x577.jpg 1024w\" sizes=\"(max-width: 391px) 100vw, 391px\" \/><\/span><\/p>\n","protected":false},"excerpt":{"rendered":"<p>Del 10 al 13 de mayo, &nbsp;21 alumnos del IES Alhama de 3\u00ba y 4\u00ba ESO junto con 8 del IESO La Paz de Cintru\u00e9nigo, &nbsp;tuvieron la oportunidad de convivir con alumnos de la misma edad de Mugron. El alumnado franc\u00e9s comparti\u00f3 algunas clases con sus compa\u00f1eros y tambi\u00e9n realiz\u00f3 una serie de actividades como [&hellip;]<\/p>\n","protected":false},"author":1,"featured_media":762,"comment_status":"open","ping_status":"open","sticky":false,"template":"","format":"standard","meta":{"_genesis_hide_title":false,"_genesis_hide_breadcrumbs":false,"_genesis_hide_singular_image":false,"_genesis_hide_footer_widgets":false,"_genesis_custom_body_class":"","_genesis_custom_post_class":"","_genesis_layout":""},"categories":[1],"tags":[],"_links":{"self":[{"href":"https:\/\/iesalhama.educacion.navarra.es\/web1\/wp-json\/wp\/v2\/posts\/763"}],"collection":[{"href":"https:\/\/iesalhama.educacion.navarra.es\/web1\/wp-json\/wp\/v2\/posts"}],"about":[{"href":"https:\/\/iesalhama.educacion.navarra.es\/web1\/wp-json\/wp\/v2\/types\/post"}],"author":[{"embeddable":true,"href":"https:\/\/iesalhama.educacion.navarra.es\/web1\/wp-json\/wp\/v2\/users\/1"}],"replies":[{"embeddable":true,"href":"https:\/\/iesalhama.educacion.navarra.es\/web1\/wp-json\/wp\/v2\/comments?post=763"}],"version-history":[{"count":0,"href":"https:\/\/iesalhama.educacion.navarra.es\/web1\/wp-json\/wp\/v2\/posts\/763\/revisions"}],"wp:featuredmedia":[{"embeddable":true,"href":"https:\/\/iesalhama.educacion.navarra.es\/web1\/wp-json\/wp\/v2\/media\/762"}],"wp:attachment":[{"href":"https:\/\/iesalhama.educacion.navarra.es\/web1\/wp-json\/wp\/v2\/media?parent=763"}],"wp:term":[{"taxonomy":"category","embeddable":true,"href":"https:\/\/iesalhama.educacion.navarra.es\/web1\/wp-json\/wp\/v2\/categories?post=763"},{"taxonomy":"post_tag","embeddable":true,"href":"https:\/\/iesalhama.educacion.navarra.es\/web1\/wp-json\/wp\/v2\/tags?post=763"}],"curies":[{"name":"wp","href":"https:\/\/api.w.org\/{rel}","templated":true}]}}