{"id":775,"date":"2017-06-13T10:02:56","date_gmt":"2017-06-13T08:02:56","guid":{"rendered":"https:\/\/iesalhama.educacion.navarra.es\/web1\/blog\/2017\/06\/13\/una-semana-de-intercambio-linguistico-y-cultural-con-francia\/"},"modified":"2018-06-11T19:55:14","modified_gmt":"2018-06-11T17:55:14","slug":"una-semana-de-intercambio-linguistico-y-cultural-con-francia","status":"publish","type":"post","link":"https:\/\/iesalhama.educacion.navarra.es\/web1\/una-semana-de-intercambio-linguistico-y-cultural-con-francia\/","title":{"rendered":"* Una semana de intercambio ling\u00fc\u00edstico y cultural con Francia!!!!!!!!"},"content":{"rendered":"<p style=\"margin-bottom: 0.0001pt; text-align: justify; line-height: normal; margin-left: 30px;\"><span style=\"font-size: 12pt;\"><span style=\"font-family: Arial, sans-serif; color: #222222; background-image: initial; background-attachment: initial; background-position: initial; background-repeat: initial;\">Estamos inmersos en un intercambio con el <\/span><strong><i><span style=\"font-family: Arial, sans-serif; color: #c00000; background-image: initial; background-attachment: initial; background-position: initial; background-repeat: initial;\">Instituto Danielle Mitterrand<\/span><\/i><\/strong><span style=\"font-family: Arial, sans-serif; color: #222222; background-image: initial; background-attachment: initial; background-position: initial; background-repeat: initial;\">, situado en la localidad francesa de Saint-Paul Les Dax (suroeste de Las Landas). Los alumnos que participan son <\/span><strong><span style=\"font-family: Arial, sans-serif; color: #c00000; background-image: initial; background-attachment: initial; background-position: initial; background-repeat: initial;\">alumnos de 2\u00ba y 3\u00ba ESO<\/span><\/strong><span style=\"font-family: Arial, sans-serif; color: #222222; background-image: initial; background-attachment: initial; background-position: initial; background-repeat: initial;\">. Algunos de estos alumnos se desplazaron all\u00ed el d\u00eda 4 de junio, ya sea con los padres o con un minib\u00fas.\u00a0 El d\u00eda 11 de junio han vuelto aqu\u00ed con su <i>correspondiente<\/i> franc\u00e9s. Otros alumnos lo hicieron a la manera inversa.<\/span><\/span><\/p>\n<p style=\"margin-bottom: 0.0001pt; text-align: justify; line-height: normal; margin-left: 30px;\"><span style=\"font-family: Arial, sans-serif; color: #222222; font-size: 12pt; background-image: initial; background-attachment: initial; background-position: initial; background-repeat: initial;\">Hicimos un recibimiento de los alumnos franceses en nuestro centro, el dia 4 y 11 de junio, de ah\u00ed la foto en la puerta. Todo se est\u00e1 desarrollando con normalidad y lo est\u00e1n disfrutando mucho, <strong>MERCI BEAUCOUP!!!!!!!!!!!!!!!!!!!!!!!!<\/strong><\/span><\/p>\n<p style=\"margin-bottom: 0.0001pt; line-height: normal; margin-left: 30px;\"><span style=\"font-family: Arial, sans-serif; color: #222222; font-size: 12pt; background-image: initial; background-attachment: initial; background-position: initial; background-repeat: initial;\"><strong><img loading=\"lazy\" class=\" size-full wp-image-774\" style=\"border: 1px solid #d3ab9c; display: block; margin-left: auto; margin-right: auto;\" src=\"https:\/\/iesalhama.educacion.navarra.es\/web1\/wp-content\/uploads\/2017\/06\/IMG-20170611-WA0004.jpg\" alt=\"IMG-20170611-WA0004\" width=\"512\" height=\"384\" srcset=\"https:\/\/iesalhama.educacion.navarra.es\/web1\/wp-content\/uploads\/2017\/06\/IMG-20170611-WA0004.jpg 1024w, https:\/\/iesalhama.educacion.navarra.es\/web1\/wp-content\/uploads\/2017\/06\/IMG-20170611-WA0004-300x225.jpg 300w, https:\/\/iesalhama.educacion.navarra.es\/web1\/wp-content\/uploads\/2017\/06\/IMG-20170611-WA0004-768x576.jpg 768w\" sizes=\"(max-width: 512px) 100vw, 512px\" \/><\/strong><\/span><\/p>\n<p style=\"margin-bottom: 0.0001pt; text-align: justify; line-height: normal; margin-left: 30px;\">\n","protected":false},"excerpt":{"rendered":"<p>Estamos inmersos en un intercambio con el Instituto Danielle Mitterrand, situado en la localidad francesa de Saint-Paul Les Dax (suroeste de Las Landas). Los alumnos que participan son alumnos de 2\u00ba y 3\u00ba ESO. Algunos de estos alumnos se desplazaron all\u00ed el d\u00eda 4 de junio, ya sea con los padres o con un minib\u00fas.\u00a0 [&hellip;]<\/p>\n","protected":false},"author":1,"featured_media":774,"comment_status":"open","ping_status":"open","sticky":false,"template":"","format":"standard","meta":{"_genesis_hide_title":false,"_genesis_hide_breadcrumbs":false,"_genesis_hide_singular_image":false,"_genesis_hide_footer_widgets":false,"_genesis_custom_body_class":"","_genesis_custom_post_class":"","_genesis_layout":""},"categories":[1],"tags":[],"_links":{"self":[{"href":"https:\/\/iesalhama.educacion.navarra.es\/web1\/wp-json\/wp\/v2\/posts\/775"}],"collection":[{"href":"https:\/\/iesalhama.educacion.navarra.es\/web1\/wp-json\/wp\/v2\/posts"}],"about":[{"href":"https:\/\/iesalhama.educacion.navarra.es\/web1\/wp-json\/wp\/v2\/types\/post"}],"author":[{"embeddable":true,"href":"https:\/\/iesalhama.educacion.navarra.es\/web1\/wp-json\/wp\/v2\/users\/1"}],"replies":[{"embeddable":true,"href":"https:\/\/iesalhama.educacion.navarra.es\/web1\/wp-json\/wp\/v2\/comments?post=775"}],"version-history":[{"count":2,"href":"https:\/\/iesalhama.educacion.navarra.es\/web1\/wp-json\/wp\/v2\/posts\/775\/revisions"}],"predecessor-version":[{"id":2255,"href":"https:\/\/iesalhama.educacion.navarra.es\/web1\/wp-json\/wp\/v2\/posts\/775\/revisions\/2255"}],"wp:featuredmedia":[{"embeddable":true,"href":"https:\/\/iesalhama.educacion.navarra.es\/web1\/wp-json\/wp\/v2\/media\/774"}],"wp:attachment":[{"href":"https:\/\/iesalhama.educacion.navarra.es\/web1\/wp-json\/wp\/v2\/media?parent=775"}],"wp:term":[{"taxonomy":"category","embeddable":true,"href":"https:\/\/iesalhama.educacion.navarra.es\/web1\/wp-json\/wp\/v2\/categories?post=775"},{"taxonomy":"post_tag","embeddable":true,"href":"https:\/\/iesalhama.educacion.navarra.es\/web1\/wp-json\/wp\/v2\/tags?post=775"}],"curies":[{"name":"wp","href":"https:\/\/api.w.org\/{rel}","templated":true}]}}