{"id":783,"date":"2017-09-07T08:13:30","date_gmt":"2017-09-07T06:13:30","guid":{"rendered":"https:\/\/iesalhama.educacion.navarra.es\/web1\/blog\/2017\/09\/07\/mediacion2017\/"},"modified":"2017-12-08T16:06:14","modified_gmt":"2017-12-08T15:06:14","slug":"mediacion2017","status":"publish","type":"post","link":"https:\/\/iesalhama.educacion.navarra.es\/web1\/mediacion2017\/","title":{"rendered":"Nos conocemos, nos entendemos: convivimos"},"content":{"rendered":"<p style=\"text-align: justify;\">\u00a0 \u00a0El lunes 4 de septiembre, primer d\u00eda del curso 2017\/18, se present\u00f3 el proyecto de convivencia \u00abNos conocemos, nos entendemos: convivimos\u00bb. Est\u00e1 dentro del plan de convivencia que ya lleva en marcha varios a\u00f1os en el centro y que se ver\u00e1 reforzado este curso. A la reuni\u00f3n asistieron 20 personas, incluidos representantes de la APYMA, comunidad musulmana, profesorado, alumnado, polic\u00eda municipal, Servicios Sociales de Base, Ayuntamiento de Corella&#8230;<\/p>\n<p style=\"text-align: justify;\">\u00a0 \u00a0Durante la reuni\u00f3n se debatieron distintas propuestas y l\u00edneas de actuaci\u00f3n. Es un proyecto que podemos enriquecer todos. Toda la comunidad educativa est\u00e1 invitada a aportar y apoyar para conseguir una mejor y m\u00e1s rica convivencia \u00a1\u00c1nimo con el curso!<\/p>\n<div dir=\"ltr\" style=\"color: #222222; font-family: arial, sans-serif; font-size: 12.8px; line-height: normal; text-align: justify;\">\n<div style=\"font-size: 12.8px;\"><img loading=\"lazy\" class=\"size-full wp-image-782 alignleft\" src=\"https:\/\/iesalhama.educacion.navarra.es\/web1\/wp-content\/uploads\/2017\/09\/20170904_140334.jpg\" alt=\"\" width=\"701\" height=\"526\" srcset=\"https:\/\/iesalhama.educacion.navarra.es\/web1\/wp-content\/uploads\/2017\/09\/20170904_140334.jpg 4032w, https:\/\/iesalhama.educacion.navarra.es\/web1\/wp-content\/uploads\/2017\/09\/20170904_140334-300x225.jpg 300w, https:\/\/iesalhama.educacion.navarra.es\/web1\/wp-content\/uploads\/2017\/09\/20170904_140334-768x576.jpg 768w, https:\/\/iesalhama.educacion.navarra.es\/web1\/wp-content\/uploads\/2017\/09\/20170904_140334-1024x768.jpg 1024w\" sizes=\"(max-width: 701px) 100vw, 701px\" \/><\/div>\n<p>&nbsp;<\/p>\n<\/div>\n","protected":false},"excerpt":{"rendered":"<p>\u00a0 \u00a0El lunes 4 de septiembre, primer d\u00eda del curso 2017\/18, se present\u00f3 el proyecto de convivencia \u00abNos conocemos, nos entendemos: convivimos\u00bb. Est\u00e1 dentro del plan de convivencia que ya lleva en marcha varios a\u00f1os en el centro y que se ver\u00e1 reforzado este curso. A la reuni\u00f3n asistieron 20 personas, incluidos representantes de la [&hellip;]<\/p>\n","protected":false},"author":1,"featured_media":782,"comment_status":"open","ping_status":"open","sticky":false,"template":"","format":"standard","meta":{"_genesis_hide_title":false,"_genesis_hide_breadcrumbs":false,"_genesis_hide_singular_image":false,"_genesis_hide_footer_widgets":false,"_genesis_custom_body_class":"","_genesis_custom_post_class":"","_genesis_layout":""},"categories":[71],"tags":[],"_links":{"self":[{"href":"https:\/\/iesalhama.educacion.navarra.es\/web1\/wp-json\/wp\/v2\/posts\/783"}],"collection":[{"href":"https:\/\/iesalhama.educacion.navarra.es\/web1\/wp-json\/wp\/v2\/posts"}],"about":[{"href":"https:\/\/iesalhama.educacion.navarra.es\/web1\/wp-json\/wp\/v2\/types\/post"}],"author":[{"embeddable":true,"href":"https:\/\/iesalhama.educacion.navarra.es\/web1\/wp-json\/wp\/v2\/users\/1"}],"replies":[{"embeddable":true,"href":"https:\/\/iesalhama.educacion.navarra.es\/web1\/wp-json\/wp\/v2\/comments?post=783"}],"version-history":[{"count":12,"href":"https:\/\/iesalhama.educacion.navarra.es\/web1\/wp-json\/wp\/v2\/posts\/783\/revisions"}],"predecessor-version":[{"id":1149,"href":"https:\/\/iesalhama.educacion.navarra.es\/web1\/wp-json\/wp\/v2\/posts\/783\/revisions\/1149"}],"wp:featuredmedia":[{"embeddable":true,"href":"https:\/\/iesalhama.educacion.navarra.es\/web1\/wp-json\/wp\/v2\/media\/782"}],"wp:attachment":[{"href":"https:\/\/iesalhama.educacion.navarra.es\/web1\/wp-json\/wp\/v2\/media?parent=783"}],"wp:term":[{"taxonomy":"category","embeddable":true,"href":"https:\/\/iesalhama.educacion.navarra.es\/web1\/wp-json\/wp\/v2\/categories?post=783"},{"taxonomy":"post_tag","embeddable":true,"href":"https:\/\/iesalhama.educacion.navarra.es\/web1\/wp-json\/wp\/v2\/tags?post=783"}],"curies":[{"name":"wp","href":"https:\/\/api.w.org\/{rel}","templated":true}]}}