{"id":786,"date":"2017-09-20T07:33:23","date_gmt":"2017-09-20T05:33:23","guid":{"rendered":"https:\/\/iesalhama.educacion.navarra.es\/web1\/blog\/2017\/09\/20\/2017masde100\/"},"modified":"2017-12-22T11:43:43","modified_gmt":"2017-12-22T10:43:43","slug":"2017masde100","status":"publish","type":"post","link":"https:\/\/iesalhama.educacion.navarra.es\/web1\/2017masde100\/","title":{"rendered":"M\u00e1s de 100"},"content":{"rendered":"<p>&nbsp;<\/p>\n<div style=\"color: #222222; font-family: arial, sans-serif; font-size: 12.8px; line-height: normal; text-align: start;\">El IES Alhama colabora con el proyecto \u00abM\u00e1s de 100\u00bb organizado por Recicleta Ribera (Tudela) y Biciclistas de Corella para contribuir a la normalizaci\u00f3n de la bici en nuestros desplazamientos diarios: trabajo, centro educativo, recados&#8230;\u00a0 El evento consistir\u00e1 en reunir al mayor n\u00famero posible de gente en<span style=\"color: #1d2129; font-family: Helvetica, Arial, sans-serif; font-size: 14px;\">\u00a0varias localidades de la Ribera. Se retransmitir\u00e1 en directo por radio desde Tudela con conexiones en directo, habr\u00e1 m\u00fasica y sorpresas.<\/span><\/div>\n<div style=\"color: #222222; font-family: arial, sans-serif; font-size: 12.8px; line-height: normal; text-align: start;\"><span style=\"color: #1d2129; font-family: Helvetica, Arial, sans-serif; font-size: 14px;\">\u00a0<\/span><\/div>\n<div style=\"color: #222222; font-family: arial, sans-serif; font-size: 12.8px; line-height: normal; text-align: start;\"><span style=\"color: #1d2129; font-family: Helvetica, Arial, sans-serif; font-size: 14px;\">Localidades implicadas:\u00a0<\/span><\/div>\n<div style=\"color: #222222; font-family: arial, sans-serif; font-size: 12.8px; line-height: normal; text-align: start;\"><span style=\"color: #1d2129; font-family: Helvetica, Arial, sans-serif; font-size: 14px;\">\u00a0<\/span><\/div>\n<div style=\"color: #222222; font-family: arial, sans-serif; font-size: 12.8px; line-height: normal; text-align: start;\"><span style=\"color: #1d2129; font-family: Helvetica, Arial, sans-serif; font-size: 14px;\">&#8211; Ablitas\u00a0<\/span><br style=\"color: #1d2129; font-family: Helvetica, Arial, sans-serif; font-size: 14px;\" \/><span style=\"color: #1d2129; font-family: Helvetica, Arial, sans-serif; font-size: 14px;\">&#8211; Arguedas\u00a0<\/span><br style=\"color: #1d2129; font-family: Helvetica, Arial, sans-serif; font-size: 14px;\" \/><span style=\"color: #1d2129; font-family: Helvetica, Arial, sans-serif; font-size: 14px;\">&#8211; Cascante<\/span><br style=\"color: #1d2129; font-family: Helvetica, Arial, sans-serif; font-size: 14px;\" \/><span style=\"color: #1d2129; font-family: Helvetica, Arial, sans-serif; font-size: 14px;\">&#8211; Castej\u00f3n<\/span><span class=\"m_-2268056559046605960gmail-text_exposed_show\" style=\"display: inline; font-family: Helvetica, Arial, sans-serif; color: #1d2129; font-size: 14px;\"><br \/>\n&#8211; Corella<br \/>\n&#8211; Ribaforada<br \/>\n&#8211; Tudela<br \/>\n&#8211; Valtierra<br \/>\n&#8211; y quiz\u00e1 alguno m\u00e1s&#8230;<\/span><\/div>\n<div style=\"color: #222222; font-family: arial, sans-serif; font-size: 12.8px; line-height: normal; text-align: start;\"><span class=\"m_-2268056559046605960gmail-text_exposed_show\" style=\"display: inline; font-family: Helvetica, Arial, sans-serif; color: #1d2129; font-size: 14px;\"><br \/>\nAs\u00ed que este a\u00f1o quiz\u00e1 seamos +de1000.<\/span><\/div>\n<div style=\"color: #222222; font-family: arial, sans-serif; font-size: 12.8px; line-height: normal; text-align: start;\"><span class=\"m_-2268056559046605960gmail-text_exposed_show\" style=\"display: inline; font-family: Helvetica, Arial, sans-serif; color: #1d2129; font-size: 14px;\">\u00a0<\/span><\/div>\n<div style=\"color: #222222; font-family: arial, sans-serif; font-size: 12.8px; line-height: normal; text-align: start;\"><span class=\"m_-2268056559046605960gmail-text_exposed_show\" style=\"display: inline; font-family: Helvetica, Arial, sans-serif; color: #1d2129; font-size: 14px;\">Nos reuniremos en la Plaza de Espa\u00f1a el 1 de octubre, domingo, a las 11:00.<\/span><\/div>\n<div style=\"color: #222222; font-family: arial, sans-serif; font-size: 12.8px; line-height: normal; text-align: start;\"><span class=\"m_-2268056559046605960gmail-text_exposed_show\" style=\"display: inline; font-family: Helvetica, Arial, sans-serif; color: #1d2129; font-size: 14px;\">\u00a0<\/span><\/div>\n<div style=\"color: #222222; font-family: arial, sans-serif; font-size: 12.8px; line-height: normal; text-align: start;\"><span class=\"m_-2268056559046605960gmail-text_exposed_show\" style=\"display: inline; font-family: Helvetica, Arial, sans-serif; color: #1d2129; font-size: 14px;\">Animamos a toda la comunidad escolar a participar en este evento comarcal que entronca con el proyecto de movilidad sostenible (STARS y Escuelas Sostenibles y Seguras) que ya tenemos en marcha en el IES Alhama.<\/span><\/div>\n<div style=\"color: #222222; font-family: arial, sans-serif; font-size: 12.8px; line-height: normal; text-align: start;\"><span class=\"m_-2268056559046605960gmail-text_exposed_show\" style=\"display: inline; font-family: Helvetica, Arial, sans-serif; color: #1d2129; font-size: 14px;\">\u00a0<\/span><\/div>\n<div style=\"color: #222222; font-family: arial, sans-serif; font-size: 12.8px; line-height: normal; text-align: center;\"><span class=\"m_-2268056559046605960gmail-text_exposed_show\" style=\"display: inline; font-family: Helvetica, Arial, sans-serif; color: #1d2129; font-size: 14px;\"><iframe loading=\"lazy\" src=\"https:\/\/www.youtube.com\/embed\/W-g0BKdFmQ4?rel=0&amp;showinfo=0\" width=\"640\" height=\"360\" frameborder=\"0\" allowfullscreen=\"allowfullscreen\"><\/iframe><\/span><\/div>\n<div style=\"color: #222222; font-family: arial, sans-serif; font-size: 12.8px; line-height: normal; text-align: center;\"><span class=\"m_-2268056559046605960gmail-text_exposed_show\" style=\"display: inline; font-family: Helvetica, Arial, sans-serif; color: #1d2129; font-size: 14px;\">\u00a0<\/span><\/div>\n<div style=\"color: #222222; font-family: arial, sans-serif; font-size: 12.8px; line-height: normal; text-align: center;\"><span class=\"m_-2268056559046605960gmail-text_exposed_show\" style=\"display: inline; font-family: Helvetica, Arial, sans-serif; color: #1d2129; font-size: 14px;\">\u00a0<\/span><\/div>\n<div style=\"color: #222222; font-family: arial, sans-serif; font-size: 12.8px; line-height: normal; text-align: center;\"><span class=\"m_-2268056559046605960gmail-text_exposed_show\" style=\"display: inline; font-family: Helvetica, Arial, sans-serif; color: #1d2129; font-size: 14px;\">\u00a0<\/span><\/div>\n<div style=\"color: #222222; font-family: arial, sans-serif; font-size: 12.8px; line-height: normal; text-align: center;\"><span class=\"m_-2268056559046605960gmail-text_exposed_show\" style=\"display: inline; font-family: Helvetica, Arial, sans-serif; color: #1d2129; font-size: 14px;\"><iframe loading=\"lazy\" src=\"https:\/\/www.youtube.com\/embed\/6TXGMkelV1M?rel=0&amp;showinfo=0\" width=\"640\" height=\"360\" frameborder=\"0\" allowfullscreen=\"allowfullscreen\"><\/iframe><\/span><\/div>\n<div style=\"color: #222222; font-family: arial, sans-serif; font-size: 12.8px; line-height: normal; text-align: start;\"><span class=\"m_-2268056559046605960gmail-text_exposed_show\" style=\"display: inline; font-family: Helvetica, Arial, sans-serif; color: #1d2129; font-size: 14px;\">\u00a0<\/span><\/div>\n","protected":false},"excerpt":{"rendered":"<p>&nbsp; El IES Alhama colabora con el proyecto \u00abM\u00e1s de 100\u00bb organizado por Recicleta Ribera (Tudela) y Biciclistas de Corella para contribuir a la normalizaci\u00f3n de la bici en nuestros desplazamientos diarios: trabajo, centro educativo, recados&#8230;\u00a0 El evento consistir\u00e1 en reunir al mayor n\u00famero posible de gente en\u00a0varias localidades de la Ribera. Se retransmitir\u00e1 en [&hellip;]<\/p>\n","protected":false},"author":1,"featured_media":1104,"comment_status":"open","ping_status":"open","sticky":false,"template":"","format":"standard","meta":{"_genesis_hide_title":false,"_genesis_hide_breadcrumbs":false,"_genesis_hide_singular_image":false,"_genesis_hide_footer_widgets":false,"_genesis_custom_body_class":"","_genesis_custom_post_class":"","_genesis_layout":""},"categories":[72],"tags":[],"_links":{"self":[{"href":"https:\/\/iesalhama.educacion.navarra.es\/web1\/wp-json\/wp\/v2\/posts\/786"}],"collection":[{"href":"https:\/\/iesalhama.educacion.navarra.es\/web1\/wp-json\/wp\/v2\/posts"}],"about":[{"href":"https:\/\/iesalhama.educacion.navarra.es\/web1\/wp-json\/wp\/v2\/types\/post"}],"author":[{"embeddable":true,"href":"https:\/\/iesalhama.educacion.navarra.es\/web1\/wp-json\/wp\/v2\/users\/1"}],"replies":[{"embeddable":true,"href":"https:\/\/iesalhama.educacion.navarra.es\/web1\/wp-json\/wp\/v2\/comments?post=786"}],"version-history":[{"count":2,"href":"https:\/\/iesalhama.educacion.navarra.es\/web1\/wp-json\/wp\/v2\/posts\/786\/revisions"}],"predecessor-version":[{"id":1136,"href":"https:\/\/iesalhama.educacion.navarra.es\/web1\/wp-json\/wp\/v2\/posts\/786\/revisions\/1136"}],"wp:featuredmedia":[{"embeddable":true,"href":"https:\/\/iesalhama.educacion.navarra.es\/web1\/wp-json\/wp\/v2\/media\/1104"}],"wp:attachment":[{"href":"https:\/\/iesalhama.educacion.navarra.es\/web1\/wp-json\/wp\/v2\/media?parent=786"}],"wp:term":[{"taxonomy":"category","embeddable":true,"href":"https:\/\/iesalhama.educacion.navarra.es\/web1\/wp-json\/wp\/v2\/categories?post=786"},{"taxonomy":"post_tag","embeddable":true,"href":"https:\/\/iesalhama.educacion.navarra.es\/web1\/wp-json\/wp\/v2\/tags?post=786"}],"curies":[{"name":"wp","href":"https:\/\/api.w.org\/{rel}","templated":true}]}}