{"id":9120,"date":"2023-02-23T09:56:38","date_gmt":"2023-02-23T08:56:38","guid":{"rendered":"https:\/\/iesalhama.educacion.navarra.es\/web1\/?p=9120"},"modified":"2023-02-23T09:58:42","modified_gmt":"2023-02-23T08:58:42","slug":"el-valle-del-baztan-y-3o-de-eso","status":"publish","type":"post","link":"https:\/\/iesalhama.educacion.navarra.es\/web1\/el-valle-del-baztan-y-3o-de-eso\/","title":{"rendered":"\u00a1El valle del Bazt\u00e1n y 3\u00ba de ESO!"},"content":{"rendered":"<div>La Semana Verde, ha permitido al alumnado de 3\u00ba de la ESO pasar unos d\u00edas fuera del centro e ir al Valle del Bazt\u00e1n. All\u00ed han disfrutando de unas actividades al aire libre (descenso de ca\u00f1ones, arborismo, tirolinas, pirag\u00fcismo y muchas m\u00e1s).<\/div>\n<div>\u00a0<\/div>\n<div>Durante su primera jornada les acompa\u00f1\u00f3 el buen tiempo y les permiti\u00f3 disfrutar de las atracciones.\u00a0<\/div>\n\n\n<figure class=\"wp-block-gallery has-nested-images columns-default is-cropped\">\n<figure class=\"wp-block-image size-large\"><img loading=\"lazy\" width=\"768\" height=\"1024\" data-id=\"9131\"  src=\"https:\/\/iesalhama.educacion.navarra.es\/web1\/wp-content\/uploads\/2023\/02\/6a6d5bef-s-768x1024.jpeg\" alt=\"\" class=\"wp-image-9131\" srcset=\"https:\/\/iesalhama.educacion.navarra.es\/web1\/wp-content\/uploads\/2023\/02\/6a6d5bef-s-768x1024.jpeg 768w, https:\/\/iesalhama.educacion.navarra.es\/web1\/wp-content\/uploads\/2023\/02\/6a6d5bef-s-225x300.jpeg 225w, https:\/\/iesalhama.educacion.navarra.es\/web1\/wp-content\/uploads\/2023\/02\/6a6d5bef-s.jpeg 919w\" sizes=\"(max-width: 768px) 100vw, 768px\" \/><\/figure>\n\n\n\n<figure class=\"wp-block-image size-large\"><img loading=\"lazy\" width=\"768\" height=\"1024\" data-id=\"9132\"  src=\"https:\/\/iesalhama.educacion.navarra.es\/web1\/wp-content\/uploads\/2023\/02\/IMG_2096-s-768x1024.jpeg\" alt=\"\" class=\"wp-image-9132\" srcset=\"https:\/\/iesalhama.educacion.navarra.es\/web1\/wp-content\/uploads\/2023\/02\/IMG_2096-s-768x1024.jpeg 768w, https:\/\/iesalhama.educacion.navarra.es\/web1\/wp-content\/uploads\/2023\/02\/IMG_2096-s-225x300.jpeg 225w, https:\/\/iesalhama.educacion.navarra.es\/web1\/wp-content\/uploads\/2023\/02\/IMG_2096-s.jpeg 919w\" sizes=\"(max-width: 768px) 100vw, 768px\" \/><\/figure>\n<\/figure>\n\n\n\n<figure class=\"wp-block-gallery has-nested-images columns-default is-cropped\">\n<figure class=\"wp-block-image size-large\"><img loading=\"lazy\" width=\"1024\" height=\"768\" data-id=\"9133\"  src=\"https:\/\/iesalhama.educacion.navarra.es\/web1\/wp-content\/uploads\/2023\/02\/IMG_2076-s-1024x768.jpeg\" alt=\"\" class=\"wp-image-9133\" srcset=\"https:\/\/iesalhama.educacion.navarra.es\/web1\/wp-content\/uploads\/2023\/02\/IMG_2076-s-1024x768.jpeg 1024w, https:\/\/iesalhama.educacion.navarra.es\/web1\/wp-content\/uploads\/2023\/02\/IMG_2076-s-300x225.jpeg 300w, https:\/\/iesalhama.educacion.navarra.es\/web1\/wp-content\/uploads\/2023\/02\/IMG_2076-s-768x576.jpeg 768w, https:\/\/iesalhama.educacion.navarra.es\/web1\/wp-content\/uploads\/2023\/02\/IMG_2076-s.jpeg 1512w\" sizes=\"(max-width: 1024px) 100vw, 1024px\" \/><\/figure>\n\n\n\n<figure class=\"wp-block-image size-large\"><img loading=\"lazy\" width=\"1024\" height=\"768\" data-id=\"9134\"  src=\"https:\/\/iesalhama.educacion.navarra.es\/web1\/wp-content\/uploads\/2023\/02\/IMG_2085-s-1024x768.jpeg\" alt=\"\" class=\"wp-image-9134\" srcset=\"https:\/\/iesalhama.educacion.navarra.es\/web1\/wp-content\/uploads\/2023\/02\/IMG_2085-s-1024x768.jpeg 1024w, https:\/\/iesalhama.educacion.navarra.es\/web1\/wp-content\/uploads\/2023\/02\/IMG_2085-s-300x225.jpeg 300w, https:\/\/iesalhama.educacion.navarra.es\/web1\/wp-content\/uploads\/2023\/02\/IMG_2085-s-768x576.jpeg 768w, https:\/\/iesalhama.educacion.navarra.es\/web1\/wp-content\/uploads\/2023\/02\/IMG_2085-s.jpeg 1361w\" sizes=\"(max-width: 1024px) 100vw, 1024px\" \/><\/figure>\n<\/figure>\n\n\n<p>En su segundo d\u00eda, el alumnado sigue con sus actividades en el Bazt\u00e1n. No han parado en ning\u00fan momento, pudiendo disfrutar de un tiempo que ha sido inmejorable.<\/p>\n\n\n<figure class=\"wp-block-gallery has-nested-images columns-default is-cropped\">\n<figure class=\"wp-block-image size-large\"><img loading=\"lazy\" width=\"768\" height=\"1024\" data-id=\"9136\"  src=\"https:\/\/iesalhama.educacion.navarra.es\/web1\/wp-content\/uploads\/2023\/02\/IMG_2136-s-768x1024.jpeg\" alt=\"\" class=\"wp-image-9136\" srcset=\"https:\/\/iesalhama.educacion.navarra.es\/web1\/wp-content\/uploads\/2023\/02\/IMG_2136-s-768x1024.jpeg 768w, https:\/\/iesalhama.educacion.navarra.es\/web1\/wp-content\/uploads\/2023\/02\/IMG_2136-s-225x300.jpeg 225w, https:\/\/iesalhama.educacion.navarra.es\/web1\/wp-content\/uploads\/2023\/02\/IMG_2136-s.jpeg 1029w\" sizes=\"(max-width: 768px) 100vw, 768px\" \/><\/figure>\n\n\n\n<figure class=\"wp-block-image size-large\"><img loading=\"lazy\" width=\"768\" height=\"1024\" data-id=\"9135\"  src=\"https:\/\/iesalhama.educacion.navarra.es\/web1\/wp-content\/uploads\/2023\/02\/IMG_2169-s-768x1024.jpeg\" alt=\"\" class=\"wp-image-9135\" srcset=\"https:\/\/iesalhama.educacion.navarra.es\/web1\/wp-content\/uploads\/2023\/02\/IMG_2169-s-768x1024.jpeg 768w, https:\/\/iesalhama.educacion.navarra.es\/web1\/wp-content\/uploads\/2023\/02\/IMG_2169-s-225x300.jpeg 225w, https:\/\/iesalhama.educacion.navarra.es\/web1\/wp-content\/uploads\/2023\/02\/IMG_2169-s-1152x1536.jpeg 1152w, https:\/\/iesalhama.educacion.navarra.es\/web1\/wp-content\/uploads\/2023\/02\/IMG_2169-s.jpeg 1286w\" sizes=\"(max-width: 768px) 100vw, 768px\" \/><\/figure>\n<\/figure>\n\n\n\n<figure class=\"wp-block-gallery has-nested-images columns-default is-cropped\">\n<figure class=\"wp-block-image size-large\"><img loading=\"lazy\" width=\"1613\" height=\"1210\" data-id=\"9137\"  src=\"https:\/\/iesalhama.educacion.navarra.es\/web1\/wp-content\/uploads\/2023\/02\/IMG_2161-s.jpeg\" alt=\"\" class=\"wp-image-9137\" srcset=\"https:\/\/iesalhama.educacion.navarra.es\/web1\/wp-content\/uploads\/2023\/02\/IMG_2161-s.jpeg 1613w, https:\/\/iesalhama.educacion.navarra.es\/web1\/wp-content\/uploads\/2023\/02\/IMG_2161-s-300x225.jpeg 300w, https:\/\/iesalhama.educacion.navarra.es\/web1\/wp-content\/uploads\/2023\/02\/IMG_2161-s-1024x768.jpeg 1024w, https:\/\/iesalhama.educacion.navarra.es\/web1\/wp-content\/uploads\/2023\/02\/IMG_2161-s-768x576.jpeg 768w, https:\/\/iesalhama.educacion.navarra.es\/web1\/wp-content\/uploads\/2023\/02\/IMG_2161-s-1536x1152.jpeg 1536w\" sizes=\"(max-width: 1613px) 100vw, 1613px\" \/><\/figure>\n\n\n\n<figure class=\"wp-block-image size-large\"><img loading=\"lazy\" width=\"2057\" height=\"1543\" data-id=\"9138\"  src=\"https:\/\/iesalhama.educacion.navarra.es\/web1\/wp-content\/uploads\/2023\/02\/IMG_2146-s.jpeg\" alt=\"\" class=\"wp-image-9138\" srcset=\"https:\/\/iesalhama.educacion.navarra.es\/web1\/wp-content\/uploads\/2023\/02\/IMG_2146-s.jpeg 2057w, https:\/\/iesalhama.educacion.navarra.es\/web1\/wp-content\/uploads\/2023\/02\/IMG_2146-s-300x225.jpeg 300w, https:\/\/iesalhama.educacion.navarra.es\/web1\/wp-content\/uploads\/2023\/02\/IMG_2146-s-1024x768.jpeg 1024w, https:\/\/iesalhama.educacion.navarra.es\/web1\/wp-content\/uploads\/2023\/02\/IMG_2146-s-768x576.jpeg 768w, https:\/\/iesalhama.educacion.navarra.es\/web1\/wp-content\/uploads\/2023\/02\/IMG_2146-s-1536x1152.jpeg 1536w, https:\/\/iesalhama.educacion.navarra.es\/web1\/wp-content\/uploads\/2023\/02\/IMG_2146-s-2048x1536.jpeg 2048w\" sizes=\"(max-width: 2057px) 100vw, 2057px\" \/><\/figure>\n<\/figure>\n\n\n<p>Una incre\u00edble experiencia educativa en un entorno natural privilegiado.<\/p>\n<p>M\u00e1s fotos de la actividad y de mejor calidad en la p\u00e1gina de fotos de la <a href=\"https:\/\/iesalhama.educacion.navarra.es\/web1\/fotos\/fotos-del-curso-2022-23\/\">Semanda Verde 2023<\/a><\/p>","protected":false},"excerpt":{"rendered":"<p>La Semana Verde, ha permitido al alumnado de 3\u00ba de la ESO pasar unos d\u00edas fuera del centro e ir al Valle del Bazt\u00e1n. All\u00ed han disfrutando de unas actividades al aire libre (descenso de ca\u00f1ones, arborismo, tirolinas, pirag\u00fcismo y muchas m\u00e1s). \u00a0 Durante su primera jornada les acompa\u00f1\u00f3 el buen tiempo y les permiti\u00f3 [&hellip;]<\/p>\n","protected":false},"author":11,"featured_media":9140,"comment_status":"open","ping_status":"open","sticky":false,"template":"","format":"standard","meta":{"_genesis_hide_title":false,"_genesis_hide_breadcrumbs":false,"_genesis_hide_singular_image":false,"_genesis_hide_footer_widgets":false,"_genesis_custom_body_class":"","_genesis_custom_post_class":"","_genesis_layout":""},"categories":[89,1,72],"tags":[],"_links":{"self":[{"href":"https:\/\/iesalhama.educacion.navarra.es\/web1\/wp-json\/wp\/v2\/posts\/9120"}],"collection":[{"href":"https:\/\/iesalhama.educacion.navarra.es\/web1\/wp-json\/wp\/v2\/posts"}],"about":[{"href":"https:\/\/iesalhama.educacion.navarra.es\/web1\/wp-json\/wp\/v2\/types\/post"}],"author":[{"embeddable":true,"href":"https:\/\/iesalhama.educacion.navarra.es\/web1\/wp-json\/wp\/v2\/users\/11"}],"replies":[{"embeddable":true,"href":"https:\/\/iesalhama.educacion.navarra.es\/web1\/wp-json\/wp\/v2\/comments?post=9120"}],"version-history":[{"count":3,"href":"https:\/\/iesalhama.educacion.navarra.es\/web1\/wp-json\/wp\/v2\/posts\/9120\/revisions"}],"predecessor-version":[{"id":9139,"href":"https:\/\/iesalhama.educacion.navarra.es\/web1\/wp-json\/wp\/v2\/posts\/9120\/revisions\/9139"}],"wp:featuredmedia":[{"embeddable":true,"href":"https:\/\/iesalhama.educacion.navarra.es\/web1\/wp-json\/wp\/v2\/media\/9140"}],"wp:attachment":[{"href":"https:\/\/iesalhama.educacion.navarra.es\/web1\/wp-json\/wp\/v2\/media?parent=9120"}],"wp:term":[{"taxonomy":"category","embeddable":true,"href":"https:\/\/iesalhama.educacion.navarra.es\/web1\/wp-json\/wp\/v2\/categories?post=9120"},{"taxonomy":"post_tag","embeddable":true,"href":"https:\/\/iesalhama.educacion.navarra.es\/web1\/wp-json\/wp\/v2\/tags?post=9120"}],"curies":[{"name":"wp","href":"https:\/\/api.w.org\/{rel}","templated":true}]}}