{"id":9195,"date":"2023-03-02T09:37:56","date_gmt":"2023-03-02T08:37:56","guid":{"rendered":"https:\/\/iesalhama.educacion.navarra.es\/web1\/?p=9195"},"modified":"2023-03-02T09:41:32","modified_gmt":"2023-03-02T08:41:32","slug":"se-ha-fundado-bici-sin-edad-en-corella","status":"publish","type":"post","link":"https:\/\/iesalhama.educacion.navarra.es\/web1\/se-ha-fundado-bici-sin-edad-en-corella\/","title":{"rendered":"\u00a1SE HA FUNDADO! \u00abBici Sin Edad Espa\u00f1a\u00bb en Corella"},"content":{"rendered":"<p>EN BICI SIN EDAD ESPA\u00d1A SE FUNDA EN CORELLA CON LA PARTICIPACI\u00d3N DEL IES ALHAMA<\/p>\n<p>Nuestro centro ha participado este fin de semana, 24-26 de febrero, en el <em><strong>IV Encuentro Estatal \u00abEn bici sin edad\u00bb<\/strong><\/em> como parte de las actividades del Erasmus <em>GenCy4In&amp;ClimA<\/em>. Dos alumnas (Nadya Rocha y Paloma Fern\u00e1ndez), tres alumnos (\u00c1ngel Bienzobas, Tom\u00e1s Brocos y Pablo Ortega) y dos profesores (David Galera y To\u00f1o Pe\u00f1a) han participado activamente en el evento fundacional de En bici sin edad (EBSE) Espa\u00f1a.<\/p>\n\n\n<div class=\"wp-block-image\"><figure class=\"aligncenter size-large is-resized\"><img loading=\"lazy\" src=\"https:\/\/iesalhama.educacion.navarra.es\/web1\/wp-content\/uploads\/2023\/02\/IMG_20230225_100307-s-e1677493403262-1024x503.jpg\" alt=\"\" class=\"wp-image-9205\" width=\"-73\" height=\"-35\" srcset=\"https:\/\/iesalhama.educacion.navarra.es\/web1\/wp-content\/uploads\/2023\/02\/IMG_20230225_100307-s-e1677493403262-1024x503.jpg 1024w, https:\/\/iesalhama.educacion.navarra.es\/web1\/wp-content\/uploads\/2023\/02\/IMG_20230225_100307-s-e1677493403262-300x147.jpg 300w, https:\/\/iesalhama.educacion.navarra.es\/web1\/wp-content\/uploads\/2023\/02\/IMG_20230225_100307-s-e1677493403262-768x377.jpg 768w, https:\/\/iesalhama.educacion.navarra.es\/web1\/wp-content\/uploads\/2023\/02\/IMG_20230225_100307-s-e1677493403262-1536x754.jpg 1536w, https:\/\/iesalhama.educacion.navarra.es\/web1\/wp-content\/uploads\/2023\/02\/IMG_20230225_100307-s-e1677493403262.jpg 1995w\" sizes=\"(max-width: 1024px) 100vw, 1024px\" \/><\/figure><\/div>\n\n\n<p><em><strong>\u201cEn bici sin edad\u201d<\/strong><\/em> cuenta en Espa\u00f1a con veinticuatro cap\u00edtulos, como nos gusta llamarnos a las entidades que paseamos en triciclo (\u00ab<em><strong>yayacletas\u00bb en Corella<\/strong><\/em>) a personas mayores y con discapacidad. Veintiuna de estas asociaciones nos hemos reunido en Corella este fin de semana para compartir buenas pr\u00e1cticas, buscar inspiraci\u00f3n y tejer redes a nivel local y nacional. Adem\u00e1s, hab\u00eda un gran <strong><em>objetivo: fundar la asociaci\u00f3n nacional EBSE Espa\u00f1a<\/em><\/strong> para crear una estructura s\u00f3lida y duradera, tener una \u00fanica voz estatal e impulsar la creaci\u00f3n de nuevos cap\u00edtulos.<\/p>\n\n\n<div class=\"wp-block-image\"><figure class=\"aligncenter size-large is-resized\"><img loading=\"lazy\" src=\"https:\/\/iesalhama.educacion.navarra.es\/web1\/wp-content\/uploads\/2023\/03\/IMG_20230226_101153-s-1024x507.jpg\" alt=\"\" class=\"wp-image-9227\" width=\"729\" height=\"360\" srcset=\"https:\/\/iesalhama.educacion.navarra.es\/web1\/wp-content\/uploads\/2023\/03\/IMG_20230226_101153-s-1024x507.jpg 1024w, https:\/\/iesalhama.educacion.navarra.es\/web1\/wp-content\/uploads\/2023\/03\/IMG_20230226_101153-s-300x149.jpg 300w, https:\/\/iesalhama.educacion.navarra.es\/web1\/wp-content\/uploads\/2023\/03\/IMG_20230226_101153-s-768x380.jpg 768w, https:\/\/iesalhama.educacion.navarra.es\/web1\/wp-content\/uploads\/2023\/03\/IMG_20230226_101153-s-1536x761.jpg 1536w, https:\/\/iesalhama.educacion.navarra.es\/web1\/wp-content\/uploads\/2023\/03\/IMG_20230226_101153-s-2048x1015.jpg 2048w\" sizes=\"(max-width: 729px) 100vw, 729px\" \/><\/figure><\/div>\n\n\n<p>El encuentro ha sido un \u00e9xito de participaci\u00f3n e inspiraci\u00f3n. 55 personas asistieron a las presentaciones de las <em>delegaciones EBSE<\/em> y del <em>pionero proyecto local <strong>ConectaCorella<\/strong><\/em>, <em>que a\u00fana esfuerzos y recursos de distintas entidades (Servicios Sociales, centros educativos, asociaciones, ayuntamiento, ADISCO, etc.) para lograr una mejor atenci\u00f3n y cuidado de las personas mayores y con discapacidad<\/em>.<\/p>\n\n\n<div class=\"wp-block-image\"><figure class=\"aligncenter size-large is-resized\"><img loading=\"lazy\" src=\"https:\/\/iesalhama.educacion.navarra.es\/web1\/wp-content\/uploads\/2023\/03\/IMG_20230226_122503-s-1024x507.jpg\" alt=\"\" class=\"wp-image-9229\" width=\"729\" height=\"360\" srcset=\"https:\/\/iesalhama.educacion.navarra.es\/web1\/wp-content\/uploads\/2023\/03\/IMG_20230226_122503-s-1024x507.jpg 1024w, https:\/\/iesalhama.educacion.navarra.es\/web1\/wp-content\/uploads\/2023\/03\/IMG_20230226_122503-s-300x149.jpg 300w, https:\/\/iesalhama.educacion.navarra.es\/web1\/wp-content\/uploads\/2023\/03\/IMG_20230226_122503-s-768x380.jpg 768w, https:\/\/iesalhama.educacion.navarra.es\/web1\/wp-content\/uploads\/2023\/03\/IMG_20230226_122503-s-1536x761.jpg 1536w, https:\/\/iesalhama.educacion.navarra.es\/web1\/wp-content\/uploads\/2023\/03\/IMG_20230226_122503-s-2048x1015.jpg 2048w\" sizes=\"(max-width: 729px) 100vw, 729px\" \/><\/figure><\/div>\n\n\n<p>Los treinta visitantes y veinte locales hemos paseado con cinco<em> yayacletas<\/em> por la ciudad y por parajes naturales como el Sotillo, la Estanca o el Villar, hemos visitado edificios emblem\u00e1ticos, como el Museo de Arte Sacro y la iglesia de San Miguel, las Bodegas Camilo Castilla y el Ayuntamiento de Corella, hemos ido de pinchos y vinillos, participado en asambleas y comisiones y un largo etc\u00e9tera de actividades que han maravillado a las personas visitantes. Si algo han destacado, junto con la hospitalidad ribera, es el sentido de comunidad de Corella y la implicaci\u00f3n del alumnado Erasmus.<\/p>\n\n\n<div class=\"wp-block-image\"><figure class=\"aligncenter size-large is-resized\"><img loading=\"lazy\" src=\"https:\/\/iesalhama.educacion.navarra.es\/web1\/wp-content\/uploads\/2023\/03\/IMG_20230226_100734-s-1024x507.jpg\" alt=\"\" class=\"wp-image-9228\" width=\"753\" height=\"372\" srcset=\"https:\/\/iesalhama.educacion.navarra.es\/web1\/wp-content\/uploads\/2023\/03\/IMG_20230226_100734-s-1024x507.jpg 1024w, https:\/\/iesalhama.educacion.navarra.es\/web1\/wp-content\/uploads\/2023\/03\/IMG_20230226_100734-s-300x149.jpg 300w, https:\/\/iesalhama.educacion.navarra.es\/web1\/wp-content\/uploads\/2023\/03\/IMG_20230226_100734-s-768x380.jpg 768w, https:\/\/iesalhama.educacion.navarra.es\/web1\/wp-content\/uploads\/2023\/03\/IMG_20230226_100734-s-1536x761.jpg 1536w, https:\/\/iesalhama.educacion.navarra.es\/web1\/wp-content\/uploads\/2023\/03\/IMG_20230226_100734-s-2048x1014.jpg 2048w\" sizes=\"(max-width: 753px) 100vw, 753px\" \/><\/figure><\/div>\n\n\n<p><strong><em>El IES Alhama se siente muy orgulloso de haber sido el germen de EBSE Corella<\/em><\/strong>, que naci\u00f3 de nuestro anterior Erasmus (Movilidad sostenible, comunidad sostenible) y de haber participado activamente en el fin de semana fundacional que marcar\u00e1 un antes y un despu\u00e9s en la plataforma En bici sin edad a nivel nacional.<\/p>\n\n\n<figure class=\"wp-block-gallery has-nested-images columns-default is-cropped\">\n<figure class=\"wp-block-image size-large\"><img loading=\"lazy\" width=\"1024\" height=\"507\" data-id=\"9230\"  src=\"https:\/\/iesalhama.educacion.navarra.es\/web1\/wp-content\/uploads\/2023\/03\/IMG_20230225_100700-s-1024x507.jpg\" alt=\"\" class=\"wp-image-9230\" srcset=\"https:\/\/iesalhama.educacion.navarra.es\/web1\/wp-content\/uploads\/2023\/03\/IMG_20230225_100700-s-1024x507.jpg 1024w, https:\/\/iesalhama.educacion.navarra.es\/web1\/wp-content\/uploads\/2023\/03\/IMG_20230225_100700-s-300x149.jpg 300w, https:\/\/iesalhama.educacion.navarra.es\/web1\/wp-content\/uploads\/2023\/03\/IMG_20230225_100700-s-768x380.jpg 768w, https:\/\/iesalhama.educacion.navarra.es\/web1\/wp-content\/uploads\/2023\/03\/IMG_20230225_100700-s-1536x760.jpg 1536w, https:\/\/iesalhama.educacion.navarra.es\/web1\/wp-content\/uploads\/2023\/03\/IMG_20230225_100700-s-2048x1014.jpg 2048w\" sizes=\"(max-width: 1024px) 100vw, 1024px\" \/><\/figure>\n\n\n\n<figure class=\"wp-block-image size-large\"><img loading=\"lazy\" width=\"1024\" height=\"507\" data-id=\"9232\"  src=\"https:\/\/iesalhama.educacion.navarra.es\/web1\/wp-content\/uploads\/2023\/03\/IMG_20230226_101146-s-1024x507.jpg\" alt=\"\" class=\"wp-image-9232\" srcset=\"https:\/\/iesalhama.educacion.navarra.es\/web1\/wp-content\/uploads\/2023\/03\/IMG_20230226_101146-s-1024x507.jpg 1024w, https:\/\/iesalhama.educacion.navarra.es\/web1\/wp-content\/uploads\/2023\/03\/IMG_20230226_101146-s-300x149.jpg 300w, https:\/\/iesalhama.educacion.navarra.es\/web1\/wp-content\/uploads\/2023\/03\/IMG_20230226_101146-s-768x380.jpg 768w, https:\/\/iesalhama.educacion.navarra.es\/web1\/wp-content\/uploads\/2023\/03\/IMG_20230226_101146-s-1536x760.jpg 1536w, https:\/\/iesalhama.educacion.navarra.es\/web1\/wp-content\/uploads\/2023\/03\/IMG_20230226_101146-s-2048x1014.jpg 2048w\" sizes=\"(max-width: 1024px) 100vw, 1024px\" \/><\/figure>\n<\/figure>\n\n\n\n<div class=\"wp-block-image\"><figure class=\"aligncenter size-large is-resized\"><img loading=\"lazy\" src=\"https:\/\/iesalhama.educacion.navarra.es\/web1\/wp-content\/uploads\/2023\/03\/IMG_20230226_125901-s-1024x507.jpg\" alt=\"\" class=\"wp-image-9231\" width=\"754\" height=\"372\" srcset=\"https:\/\/iesalhama.educacion.navarra.es\/web1\/wp-content\/uploads\/2023\/03\/IMG_20230226_125901-s-1024x507.jpg 1024w, https:\/\/iesalhama.educacion.navarra.es\/web1\/wp-content\/uploads\/2023\/03\/IMG_20230226_125901-s-300x149.jpg 300w, https:\/\/iesalhama.educacion.navarra.es\/web1\/wp-content\/uploads\/2023\/03\/IMG_20230226_125901-s-768x380.jpg 768w, https:\/\/iesalhama.educacion.navarra.es\/web1\/wp-content\/uploads\/2023\/03\/IMG_20230226_125901-s-1536x760.jpg 1536w, https:\/\/iesalhama.educacion.navarra.es\/web1\/wp-content\/uploads\/2023\/03\/IMG_20230226_125901-s-2048x1014.jpg 2048w\" sizes=\"(max-width: 754px) 100vw, 754px\" \/><\/figure><\/div>\n\n\n<p>M\u00e1s informaci\u00f3n sobre el proyecto Erasmus en su pagina web: <a href=\"https:\/\/www.erasmuscyclingschools.com\/\">GenCy4In&amp;ClimA<\/a><\/p>\n<p>Fotos de la actividad de mejor calidad en la p\u00e1gina de fotos del <a href=\"https:\/\/iesalhama.educacion.navarra.es\/web1\/fotos\/fotos-del-curso-2022-23\/\">Proyecto Erasmus<\/a><\/p>","protected":false},"excerpt":{"rendered":"<p>EN BICI SIN EDAD ESPA\u00d1A SE FUNDA EN CORELLA CON LA PARTICIPACI\u00d3N DEL IES ALHAMA Nuestro centro ha participado este fin de semana, 24-26 de febrero, en el IV Encuentro Estatal \u00abEn bici sin edad\u00bb como parte de las actividades del Erasmus GenCy4In&amp;ClimA. Dos alumnas (Nadya Rocha y Paloma Fern\u00e1ndez), tres alumnos (\u00c1ngel Bienzobas, Tom\u00e1s [&hellip;]<\/p>\n","protected":false},"author":11,"featured_media":9235,"comment_status":"open","ping_status":"open","sticky":false,"template":"","format":"standard","meta":{"_genesis_hide_title":false,"_genesis_hide_breadcrumbs":false,"_genesis_hide_singular_image":false,"_genesis_hide_footer_widgets":false,"_genesis_custom_body_class":"","_genesis_custom_post_class":"","_genesis_layout":""},"categories":[89,1,72],"tags":[],"_links":{"self":[{"href":"https:\/\/iesalhama.educacion.navarra.es\/web1\/wp-json\/wp\/v2\/posts\/9195"}],"collection":[{"href":"https:\/\/iesalhama.educacion.navarra.es\/web1\/wp-json\/wp\/v2\/posts"}],"about":[{"href":"https:\/\/iesalhama.educacion.navarra.es\/web1\/wp-json\/wp\/v2\/types\/post"}],"author":[{"embeddable":true,"href":"https:\/\/iesalhama.educacion.navarra.es\/web1\/wp-json\/wp\/v2\/users\/11"}],"replies":[{"embeddable":true,"href":"https:\/\/iesalhama.educacion.navarra.es\/web1\/wp-json\/wp\/v2\/comments?post=9195"}],"version-history":[{"count":6,"href":"https:\/\/iesalhama.educacion.navarra.es\/web1\/wp-json\/wp\/v2\/posts\/9195\/revisions"}],"predecessor-version":[{"id":9236,"href":"https:\/\/iesalhama.educacion.navarra.es\/web1\/wp-json\/wp\/v2\/posts\/9195\/revisions\/9236"}],"wp:featuredmedia":[{"embeddable":true,"href":"https:\/\/iesalhama.educacion.navarra.es\/web1\/wp-json\/wp\/v2\/media\/9235"}],"wp:attachment":[{"href":"https:\/\/iesalhama.educacion.navarra.es\/web1\/wp-json\/wp\/v2\/media?parent=9195"}],"wp:term":[{"taxonomy":"category","embeddable":true,"href":"https:\/\/iesalhama.educacion.navarra.es\/web1\/wp-json\/wp\/v2\/categories?post=9195"},{"taxonomy":"post_tag","embeddable":true,"href":"https:\/\/iesalhama.educacion.navarra.es\/web1\/wp-json\/wp\/v2\/tags?post=9195"}],"curies":[{"name":"wp","href":"https:\/\/api.w.org\/{rel}","templated":true}]}}