{"id":9253,"date":"2023-03-08T10:17:00","date_gmt":"2023-03-08T09:17:00","guid":{"rendered":"https:\/\/iesalhama.educacion.navarra.es\/web1\/?p=9253"},"modified":"2023-03-08T10:17:01","modified_gmt":"2023-03-08T09:17:01","slug":"el-ies-alhama-es-referente-para-otros-centros","status":"publish","type":"post","link":"https:\/\/iesalhama.educacion.navarra.es\/web1\/el-ies-alhama-es-referente-para-otros-centros\/","title":{"rendered":"El IES Alhama es referente para otros centros"},"content":{"rendered":"\n<div class=\"wp-block-image\"><figure class=\"aligncenter size-large is-resized\"><img loading=\"lazy\" src=\"https:\/\/iesalhama.educacion.navarra.es\/web1\/wp-content\/uploads\/2023\/03\/1677662418320-s-e1678266505704-1024x752.jpg\" alt=\"\" class=\"wp-image-9258\" width=\"742\" height=\"544\" srcset=\"https:\/\/iesalhama.educacion.navarra.es\/web1\/wp-content\/uploads\/2023\/03\/1677662418320-s-e1678266505704-1024x752.jpg 1024w, https:\/\/iesalhama.educacion.navarra.es\/web1\/wp-content\/uploads\/2023\/03\/1677662418320-s-e1678266505704-300x220.jpg 300w, https:\/\/iesalhama.educacion.navarra.es\/web1\/wp-content\/uploads\/2023\/03\/1677662418320-s-e1678266505704-768x564.jpg 768w, https:\/\/iesalhama.educacion.navarra.es\/web1\/wp-content\/uploads\/2023\/03\/1677662418320-s-e1678266505704-1536x1128.jpg 1536w, https:\/\/iesalhama.educacion.navarra.es\/web1\/wp-content\/uploads\/2023\/03\/1677662418320-s-e1678266505704.jpg 1613w\" sizes=\"(max-width: 742px) 100vw, 742px\" \/><\/figure><\/div>\n\n\n<p>El IES Alhama viene desarrollando <em>desde el a\u00f1o acad\u00e9mico 2018\/19 un <strong>Programa de Innovaci\u00f3n Educativa<\/strong><\/em><strong>,<\/strong> que supone una transformaci\u00f3n organizativa y metodol\u00f3gica en el centro, y cuyo objetivo es <em>luchar contra el abandono y el fracaso escolar.<\/em><\/p>\n\n\n<div class=\"wp-block-image\"><figure class=\"aligncenter size-large is-resized\"><img loading=\"lazy\" src=\"https:\/\/iesalhama.educacion.navarra.es\/web1\/wp-content\/uploads\/2023\/03\/1677662356558-2-s-1024x915.jpg\" alt=\"\" class=\"wp-image-9259\" width=\"752\" height=\"671\" srcset=\"https:\/\/iesalhama.educacion.navarra.es\/web1\/wp-content\/uploads\/2023\/03\/1677662356558-2-s-1024x915.jpg 1024w, https:\/\/iesalhama.educacion.navarra.es\/web1\/wp-content\/uploads\/2023\/03\/1677662356558-2-s-300x268.jpg 300w, https:\/\/iesalhama.educacion.navarra.es\/web1\/wp-content\/uploads\/2023\/03\/1677662356558-2-s-768x686.jpg 768w, https:\/\/iesalhama.educacion.navarra.es\/web1\/wp-content\/uploads\/2023\/03\/1677662356558-2-s-1536x1373.jpg 1536w, https:\/\/iesalhama.educacion.navarra.es\/web1\/wp-content\/uploads\/2023\/03\/1677662356558-2-s.jpg 1731w\" sizes=\"(max-width: 752px) 100vw, 752px\" \/><\/figure><\/div>\n\n\n<p>Para desarrollar este trabajo, los diferentes equipos docentes revisan semanalmente su trabajo. Adem\u00e1s, esto se completa con una formaci\u00f3n continua y espec\u00edfica necesaria para su puesta en pr\u00e1ctica. Por el momento, el programa se est\u00e1 desarrollando y aplicando en los primeros cursos de secundaria y ya se ha implantado el aprendizaje cooperativo en primero de la ESO.<\/p>\n<p>Tras unos a\u00f1os de rodaje, <em>el IES Alhama ha querido compartir con otros centros educativos de la <strong>RED de PROEDUCAR, ahora PROA+,<\/strong> su experiencia<\/em>. El instituto ha acogido a los representantes de los centros del IESO Mendavia Joaqu\u00edn Romera, el IESO Reyno de Navarra de Azagra, el IESO Bardenas Reales de Cortes, el IES Tierra Estella y al coordinador del Programa PROA +.<\/p>\n<p>Todas las personas asistentes pudieron conocer las l\u00edneas maestras del programa y c\u00f3mo se va implantando en el IES ALHAMA. Gracias a este encuentro, ha sido posible un intercambio de experiencias y un enriquecimiento en nuestra labor docente.<\/p>\n\n\n<figure class=\"wp-block-gallery has-nested-images columns-default is-cropped\">\n<figure class=\"wp-block-image size-large\"><img loading=\"lazy\" width=\"1024\" height=\"766\" data-id=\"9261\"  src=\"https:\/\/iesalhama.educacion.navarra.es\/web1\/wp-content\/uploads\/2023\/03\/1677662450556-s-1024x766.jpg\" alt=\"\" class=\"wp-image-9261\" srcset=\"https:\/\/iesalhama.educacion.navarra.es\/web1\/wp-content\/uploads\/2023\/03\/1677662450556-s-1024x766.jpg 1024w, https:\/\/iesalhama.educacion.navarra.es\/web1\/wp-content\/uploads\/2023\/03\/1677662450556-s-300x224.jpg 300w, https:\/\/iesalhama.educacion.navarra.es\/web1\/wp-content\/uploads\/2023\/03\/1677662450556-s-768x575.jpg 768w, https:\/\/iesalhama.educacion.navarra.es\/web1\/wp-content\/uploads\/2023\/03\/1677662450556-s-1536x1149.jpg 1536w, https:\/\/iesalhama.educacion.navarra.es\/web1\/wp-content\/uploads\/2023\/03\/1677662450556-s-2048x1532.jpg 2048w\" sizes=\"(max-width: 1024px) 100vw, 1024px\" \/><\/figure>\n\n\n\n<figure class=\"wp-block-image size-large\"><img loading=\"lazy\" width=\"1024\" height=\"766\" data-id=\"9260\"  src=\"https:\/\/iesalhama.educacion.navarra.es\/web1\/wp-content\/uploads\/2023\/03\/1677662503303-s-1024x766.jpg\" alt=\"\" class=\"wp-image-9260\" srcset=\"https:\/\/iesalhama.educacion.navarra.es\/web1\/wp-content\/uploads\/2023\/03\/1677662503303-s-1024x766.jpg 1024w, https:\/\/iesalhama.educacion.navarra.es\/web1\/wp-content\/uploads\/2023\/03\/1677662503303-s-300x224.jpg 300w, https:\/\/iesalhama.educacion.navarra.es\/web1\/wp-content\/uploads\/2023\/03\/1677662503303-s-768x575.jpg 768w, https:\/\/iesalhama.educacion.navarra.es\/web1\/wp-content\/uploads\/2023\/03\/1677662503303-s-1536x1149.jpg 1536w, https:\/\/iesalhama.educacion.navarra.es\/web1\/wp-content\/uploads\/2023\/03\/1677662503303-s-2048x1532.jpg 2048w\" sizes=\"(max-width: 1024px) 100vw, 1024px\" \/><\/figure>\n<\/figure>\n\n\n\n<figure class=\"wp-block-image size-large\"><img loading=\"lazy\" width=\"1024\" height=\"766\" src=\"https:\/\/iesalhama.educacion.navarra.es\/web1\/wp-content\/uploads\/2023\/03\/1678190717893-s-1024x766.jpg\" alt=\"\" class=\"wp-image-9262\" srcset=\"https:\/\/iesalhama.educacion.navarra.es\/web1\/wp-content\/uploads\/2023\/03\/1678190717893-s-1024x766.jpg 1024w, https:\/\/iesalhama.educacion.navarra.es\/web1\/wp-content\/uploads\/2023\/03\/1678190717893-s-300x224.jpg 300w, https:\/\/iesalhama.educacion.navarra.es\/web1\/wp-content\/uploads\/2023\/03\/1678190717893-s-768x575.jpg 768w, https:\/\/iesalhama.educacion.navarra.es\/web1\/wp-content\/uploads\/2023\/03\/1678190717893-s-1536x1149.jpg 1536w, https:\/\/iesalhama.educacion.navarra.es\/web1\/wp-content\/uploads\/2023\/03\/1678190717893-s-2048x1532.jpg 2048w\" sizes=\"(max-width: 1024px) 100vw, 1024px\" \/><\/figure>\n\n\n<p>Fotos de la actividad de mejor calidad en la p\u00e1gina de fotos del mes de <a href=\"https:\/\/iesalhama.educacion.navarra.es\/web1\/fotos\/fotos-del-curso-2022-23\/\">Marzo<\/a><\/p>","protected":false},"excerpt":{"rendered":"<p>El IES Alhama viene desarrollando desde el a\u00f1o acad\u00e9mico 2018\/19 un Programa de Innovaci\u00f3n Educativa, que supone una transformaci\u00f3n organizativa y metodol\u00f3gica en el centro, y cuyo objetivo es luchar contra el abandono y el fracaso escolar. Para desarrollar este trabajo, los diferentes equipos docentes revisan semanalmente su trabajo. Adem\u00e1s, esto se completa con una [&hellip;]<\/p>\n","protected":false},"author":11,"featured_media":9263,"comment_status":"open","ping_status":"open","sticky":false,"template":"","format":"standard","meta":{"_genesis_hide_title":false,"_genesis_hide_breadcrumbs":false,"_genesis_hide_singular_image":false,"_genesis_hide_footer_widgets":false,"_genesis_custom_body_class":"","_genesis_custom_post_class":"","_genesis_layout":""},"categories":[89,1,72],"tags":[],"_links":{"self":[{"href":"https:\/\/iesalhama.educacion.navarra.es\/web1\/wp-json\/wp\/v2\/posts\/9253"}],"collection":[{"href":"https:\/\/iesalhama.educacion.navarra.es\/web1\/wp-json\/wp\/v2\/posts"}],"about":[{"href":"https:\/\/iesalhama.educacion.navarra.es\/web1\/wp-json\/wp\/v2\/types\/post"}],"author":[{"embeddable":true,"href":"https:\/\/iesalhama.educacion.navarra.es\/web1\/wp-json\/wp\/v2\/users\/11"}],"replies":[{"embeddable":true,"href":"https:\/\/iesalhama.educacion.navarra.es\/web1\/wp-json\/wp\/v2\/comments?post=9253"}],"version-history":[{"count":4,"href":"https:\/\/iesalhama.educacion.navarra.es\/web1\/wp-json\/wp\/v2\/posts\/9253\/revisions"}],"predecessor-version":[{"id":9264,"href":"https:\/\/iesalhama.educacion.navarra.es\/web1\/wp-json\/wp\/v2\/posts\/9253\/revisions\/9264"}],"wp:featuredmedia":[{"embeddable":true,"href":"https:\/\/iesalhama.educacion.navarra.es\/web1\/wp-json\/wp\/v2\/media\/9263"}],"wp:attachment":[{"href":"https:\/\/iesalhama.educacion.navarra.es\/web1\/wp-json\/wp\/v2\/media?parent=9253"}],"wp:term":[{"taxonomy":"category","embeddable":true,"href":"https:\/\/iesalhama.educacion.navarra.es\/web1\/wp-json\/wp\/v2\/categories?post=9253"},{"taxonomy":"post_tag","embeddable":true,"href":"https:\/\/iesalhama.educacion.navarra.es\/web1\/wp-json\/wp\/v2\/tags?post=9253"}],"curies":[{"name":"wp","href":"https:\/\/api.w.org\/{rel}","templated":true}]}}