{"id":9769,"date":"2023-05-16T11:01:31","date_gmt":"2023-05-16T09:01:31","guid":{"rendered":"https:\/\/iesalhama.educacion.navarra.es\/web1\/?p=9769"},"modified":"2023-05-16T12:43:24","modified_gmt":"2023-05-16T10:43:24","slug":"orla","status":"publish","type":"post","link":"https:\/\/iesalhama.educacion.navarra.es\/web1\/orla\/","title":{"rendered":"IES Alhama: SALUDA y ORLA 2022-2023"},"content":{"rendered":"<p>Este a\u00f1o se va a celebrar el tradicional acto de graduaci\u00f3n y el cuadro de la orla representa mucho m\u00e1s que unas fotos. Es el recuerdo de un curso que ha sabido superar los obst\u00e1culos y llegar a buen puerto.<\/p>\n<p>El curso acad\u00e9mico se ha podido cerrar con una buena cosecha de estudiantes para estudios superiores.<\/p>\n<p style=\"text-align: center\"><strong> \u00a1ENHORABUENA!<\/strong><\/p>\n<p>Todo el personal \u00a0del centro est\u00e1 muy orgulloso de esta promoci\u00f3n y les quiere desear mucha suerte en su futuro. Para ello se va organizar el consiguiente acto:\u00a0\u00a0<\/p>\n\n\n<div class=\"wp-block-image\"><figure class=\"aligncenter size-large is-resized\"><img loading=\"lazy\" src=\"https:\/\/iesalhama.educacion.navarra.es\/web1\/wp-content\/uploads\/2023\/05\/2-SALUDA-WEB-724x1024.jpg\" alt=\"\" class=\"wp-image-9771\" width=\"550\" height=\"777\" srcset=\"https:\/\/iesalhama.educacion.navarra.es\/web1\/wp-content\/uploads\/2023\/05\/2-SALUDA-WEB-724x1024.jpg 724w, https:\/\/iesalhama.educacion.navarra.es\/web1\/wp-content\/uploads\/2023\/05\/2-SALUDA-WEB-212x300.jpg 212w, https:\/\/iesalhama.educacion.navarra.es\/web1\/wp-content\/uploads\/2023\/05\/2-SALUDA-WEB-768x1086.jpg 768w, https:\/\/iesalhama.educacion.navarra.es\/web1\/wp-content\/uploads\/2023\/05\/2-SALUDA-WEB.jpg 936w\" sizes=\"(max-width: 550px) 100vw, 550px\" \/><\/figure><\/div>\n\n\n\n<div class=\"wp-block-image\"><figure class=\"aligncenter size-large is-resized\"><a href=\"https:\/\/photos.app.goo.gl\/UsBZ6aXcCkZdE9dp9\" target=\"_blank\" rel=\"noopener\"><img loading=\"lazy\" src=\"https:\/\/iesalhama.educacion.navarra.es\/web1\/wp-content\/uploads\/2023\/05\/orla-2023-s-1024x683.jpg\" alt=\"\" class=\"wp-image-9772\" width=\"803\" height=\"535\" srcset=\"https:\/\/iesalhama.educacion.navarra.es\/web1\/wp-content\/uploads\/2023\/05\/orla-2023-s-1024x683.jpg 1024w, https:\/\/iesalhama.educacion.navarra.es\/web1\/wp-content\/uploads\/2023\/05\/orla-2023-s-300x200.jpg 300w, https:\/\/iesalhama.educacion.navarra.es\/web1\/wp-content\/uploads\/2023\/05\/orla-2023-s-768x512.jpg 768w, https:\/\/iesalhama.educacion.navarra.es\/web1\/wp-content\/uploads\/2023\/05\/orla-2023-s-1536x1024.jpg 1536w, https:\/\/iesalhama.educacion.navarra.es\/web1\/wp-content\/uploads\/2023\/05\/orla-2023-s-2048x1365.jpg 2048w\" sizes=\"(max-width: 803px) 100vw, 803px\" \/><\/a><\/figure><\/div>\n","protected":false},"excerpt":{"rendered":"<p>Este a\u00f1o se va a celebrar el tradicional acto de graduaci\u00f3n y el cuadro de la orla representa mucho m\u00e1s que unas fotos. Es el recuerdo de un curso que ha sabido superar los obst\u00e1culos y llegar a buen puerto. El curso acad\u00e9mico se ha podido cerrar con una buena cosecha de estudiantes para estudios [&hellip;]<\/p>\n","protected":false},"author":11,"featured_media":9773,"comment_status":"open","ping_status":"open","sticky":false,"template":"","format":"standard","meta":{"_genesis_hide_title":false,"_genesis_hide_breadcrumbs":false,"_genesis_hide_singular_image":false,"_genesis_hide_footer_widgets":false,"_genesis_custom_body_class":"","_genesis_custom_post_class":"","_genesis_layout":""},"categories":[89,1,72],"tags":[],"_links":{"self":[{"href":"https:\/\/iesalhama.educacion.navarra.es\/web1\/wp-json\/wp\/v2\/posts\/9769"}],"collection":[{"href":"https:\/\/iesalhama.educacion.navarra.es\/web1\/wp-json\/wp\/v2\/posts"}],"about":[{"href":"https:\/\/iesalhama.educacion.navarra.es\/web1\/wp-json\/wp\/v2\/types\/post"}],"author":[{"embeddable":true,"href":"https:\/\/iesalhama.educacion.navarra.es\/web1\/wp-json\/wp\/v2\/users\/11"}],"replies":[{"embeddable":true,"href":"https:\/\/iesalhama.educacion.navarra.es\/web1\/wp-json\/wp\/v2\/comments?post=9769"}],"version-history":[{"count":5,"href":"https:\/\/iesalhama.educacion.navarra.es\/web1\/wp-json\/wp\/v2\/posts\/9769\/revisions"}],"predecessor-version":[{"id":9777,"href":"https:\/\/iesalhama.educacion.navarra.es\/web1\/wp-json\/wp\/v2\/posts\/9769\/revisions\/9777"}],"wp:featuredmedia":[{"embeddable":true,"href":"https:\/\/iesalhama.educacion.navarra.es\/web1\/wp-json\/wp\/v2\/media\/9773"}],"wp:attachment":[{"href":"https:\/\/iesalhama.educacion.navarra.es\/web1\/wp-json\/wp\/v2\/media?parent=9769"}],"wp:term":[{"taxonomy":"category","embeddable":true,"href":"https:\/\/iesalhama.educacion.navarra.es\/web1\/wp-json\/wp\/v2\/categories?post=9769"},{"taxonomy":"post_tag","embeddable":true,"href":"https:\/\/iesalhama.educacion.navarra.es\/web1\/wp-json\/wp\/v2\/tags?post=9769"}],"curies":[{"name":"wp","href":"https:\/\/api.w.org\/{rel}","templated":true}]}}